{"id":872,"date":"2017-05-30T21:47:13","date_gmt":"2017-05-30T19:47:13","guid":{"rendered":"http:\/\/clubdubalen.fr\/blog\/?p=872"},"modified":"2017-08-19T17:23:18","modified_gmt":"2017-08-19T15:23:18","slug":"programmation-exceptionnelle-pour-les-jna-a-dax-landes","status":"publish","type":"post","link":"https:\/\/clubdubalen.fr\/blog\/programmation-exceptionnelle-pour-les-jna-a-dax-landes\/","title":{"rendered":"Programmation exceptionnelle pour les JNA \u00e0 Dax (Landes)"},"content":{"rendered":"<p>Les prochaines <a href=\"http:\/\/journees-archeologie.fr\/\">Journ\u00e9es Nationales de l&rsquo;Arch\u00e9ologie<\/a> auront lieu les 17 et 18 juin prochains. Rendez-vous incontournable des passionn\u00e9s d&rsquo;arch\u00e9ologie, c&rsquo;est l&rsquo;occasion de partir \u00e0 la rencontre de chercheurs, de visiter des sites ou d&rsquo;assister \u00e0 des conf\u00e9rences.<\/p>\n<p>Depuis pr\u00e8s d&rsquo;un an, la directrice du Mus\u00e9e de Borda (Dax), La\u00ebtitia Rodriguez, a rassembl\u00e9 une solide \u00e9quipe d&rsquo;arch\u00e9ologues, issus aussi bien de l&rsquo;arch\u00e9ologie pr\u00e9ventive, que de l&rsquo;universit\u00e9 ou du milieu associatif. Plusieurs r\u00e9unions ont eu lieu afin <!--more-->de mettre au point une programmation in\u00e9dite pour les JNA. Le but : montrer que la question du peuplement ancien de Dax et de sa p\u00e9riph\u00e9rie a \u00e9t\u00e9 compl\u00e8tement renouvel\u00e9e depuis 1986, ann\u00e9e o\u00f9 fut produit le <a href=\"http:\/\/aquitaine.culture.gouv.fr\/notices\/46e567b2229b14caa5de3d1a12ed60ff\/\">Plan d&rsquo;Occupation des Sols Historique et Arch\u00e9ologique (POSHA)<\/a> de la ville. Sans doute assistons-nous ici \u00e0 la premi\u00e8re \u00e9tape d&rsquo;un futur Atlas historique de Dax. Rappelons que celui de Mont-de-Marsan est en voie d&rsquo;ach\u00e8vement et devrait sortir entre fin 2017 et d\u00e9but 2018.<\/p>\n<p>Voici donc en exclusivit\u00e9 le programme de ce moment exceptionnel :<\/p>\n<p><a href=\"http:\/\/clubdubalen.fr\/blog\/wp-content\/uploads\/2017\/05\/D\u00e9pliant-final-JNA10792_Page_1.jpg\"><img decoding=\"async\" loading=\"lazy\" class=\"aligncenter size-large wp-image-873\" src=\"http:\/\/clubdubalen.fr\/blog\/wp-content\/uploads\/2017\/05\/D\u00e9pliant-final-JNA10792_Page_1-1024x1024.jpg\" alt=\"\" width=\"580\" height=\"580\" srcset=\"https:\/\/clubdubalen.fr\/blog\/wp-content\/uploads\/2017\/05\/D\u00e9pliant-final-JNA10792_Page_1-1024x1024.jpg 1024w, https:\/\/clubdubalen.fr\/blog\/wp-content\/uploads\/2017\/05\/D\u00e9pliant-final-JNA10792_Page_1-150x150.jpg 150w, https:\/\/clubdubalen.fr\/blog\/wp-content\/uploads\/2017\/05\/D\u00e9pliant-final-JNA10792_Page_1-300x300.jpg 300w, https:\/\/clubdubalen.fr\/blog\/wp-content\/uploads\/2017\/05\/D\u00e9pliant-final-JNA10792_Page_1-768x768.jpg 768w, https:\/\/clubdubalen.fr\/blog\/wp-content\/uploads\/2017\/05\/D\u00e9pliant-final-JNA10792_Page_1.jpg 1595w\" sizes=\"(max-width: 580px) 100vw, 580px\" \/><\/a> <a href=\"http:\/\/clubdubalen.fr\/blog\/wp-content\/uploads\/2017\/05\/D\u00e9pliant-final-JNA10792_Page_2.jpg\"><img decoding=\"async\" loading=\"lazy\" class=\"aligncenter size-large wp-image-874\" src=\"http:\/\/clubdubalen.fr\/blog\/wp-content\/uploads\/2017\/05\/D\u00e9pliant-final-JNA10792_Page_2-1014x1024.jpg\" alt=\"\" width=\"580\" height=\"586\" srcset=\"https:\/\/clubdubalen.fr\/blog\/wp-content\/uploads\/2017\/05\/D\u00e9pliant-final-JNA10792_Page_2-1014x1024.jpg 1014w, https:\/\/clubdubalen.fr\/blog\/wp-content\/uploads\/2017\/05\/D\u00e9pliant-final-JNA10792_Page_2-297x300.jpg 297w, https:\/\/clubdubalen.fr\/blog\/wp-content\/uploads\/2017\/05\/D\u00e9pliant-final-JNA10792_Page_2-768x776.jpg 768w, https:\/\/clubdubalen.fr\/blog\/wp-content\/uploads\/2017\/05\/D\u00e9pliant-final-JNA10792_Page_2.jpg 1595w\" sizes=\"(max-width: 580px) 100vw, 580px\" \/><\/a> <a href=\"http:\/\/clubdubalen.fr\/blog\/wp-content\/uploads\/2017\/05\/D\u00e9pliant-final-JNA10792_Page_3.jpg\"><img decoding=\"async\" loading=\"lazy\" class=\"aligncenter size-large wp-image-875\" src=\"http:\/\/clubdubalen.fr\/blog\/wp-content\/uploads\/2017\/05\/D\u00e9pliant-final-JNA10792_Page_3-1024x1014.jpg\" alt=\"\" width=\"580\" height=\"574\" srcset=\"https:\/\/clubdubalen.fr\/blog\/wp-content\/uploads\/2017\/05\/D\u00e9pliant-final-JNA10792_Page_3-1024x1014.jpg 1024w, https:\/\/clubdubalen.fr\/blog\/wp-content\/uploads\/2017\/05\/D\u00e9pliant-final-JNA10792_Page_3-300x297.jpg 300w, https:\/\/clubdubalen.fr\/blog\/wp-content\/uploads\/2017\/05\/D\u00e9pliant-final-JNA10792_Page_3-768x760.jpg 768w, https:\/\/clubdubalen.fr\/blog\/wp-content\/uploads\/2017\/05\/D\u00e9pliant-final-JNA10792_Page_3.jpg 1611w\" sizes=\"(max-width: 580px) 100vw, 580px\" \/><\/a> <a href=\"http:\/\/clubdubalen.fr\/blog\/wp-content\/uploads\/2017\/05\/D\u00e9pliant-final-JNA10792_Page_4.jpg\"><img decoding=\"async\" loading=\"lazy\" class=\"aligncenter size-large wp-image-876\" src=\"http:\/\/clubdubalen.fr\/blog\/wp-content\/uploads\/2017\/05\/D\u00e9pliant-final-JNA10792_Page_4-1024x1024.jpg\" alt=\"\" width=\"580\" height=\"580\" srcset=\"https:\/\/clubdubalen.fr\/blog\/wp-content\/uploads\/2017\/05\/D\u00e9pliant-final-JNA10792_Page_4-1024x1024.jpg 1024w, https:\/\/clubdubalen.fr\/blog\/wp-content\/uploads\/2017\/05\/D\u00e9pliant-final-JNA10792_Page_4-150x150.jpg 150w, https:\/\/clubdubalen.fr\/blog\/wp-content\/uploads\/2017\/05\/D\u00e9pliant-final-JNA10792_Page_4-300x300.jpg 300w, https:\/\/clubdubalen.fr\/blog\/wp-content\/uploads\/2017\/05\/D\u00e9pliant-final-JNA10792_Page_4-768x768.jpg 768w, https:\/\/clubdubalen.fr\/blog\/wp-content\/uploads\/2017\/05\/D\u00e9pliant-final-JNA10792_Page_4.jpg 1595w\" sizes=\"(max-width: 580px) 100vw, 580px\" \/><\/a><\/p>\n","protected":false},"excerpt":{"rendered":"<p>Les prochaines Journ\u00e9es Nationales de l&rsquo;Arch\u00e9ologie auront lieu les 17 et 18 juin prochains. Rendez-vous incontournable des passionn\u00e9s d&rsquo;arch\u00e9ologie, c&rsquo;est l&rsquo;occasion de partir \u00e0 la rencontre de chercheurs, de visiter des sites ou d&rsquo;assister \u00e0 des conf\u00e9rences. Depuis pr\u00e8s d&rsquo;un an, la directrice du Mus\u00e9e de Borda (Dax), La\u00ebtitia Rodriguez, a rassembl\u00e9 une solide \u00e9quipe <span class=\"ellipsis\">&hellip;<\/span> <span class=\"more-link-wrap\"><a href=\"https:\/\/clubdubalen.fr\/blog\/programmation-exceptionnelle-pour-les-jna-a-dax-landes\/\" class=\"more-link\"><span>Read More &rarr;<\/span><\/a><\/span><\/p>\n","protected":false},"author":1,"featured_media":0,"comment_status":"open","ping_status":"open","sticky":false,"template":"","format":"standard","meta":[],"categories":[2,67,9],"tags":[],"_links":{"self":[{"href":"https:\/\/clubdubalen.fr\/blog\/wp-json\/wp\/v2\/posts\/872"}],"collection":[{"href":"https:\/\/clubdubalen.fr\/blog\/wp-json\/wp\/v2\/posts"}],"about":[{"href":"https:\/\/clubdubalen.fr\/blog\/wp-json\/wp\/v2\/types\/post"}],"author":[{"embeddable":true,"href":"https:\/\/clubdubalen.fr\/blog\/wp-json\/wp\/v2\/users\/1"}],"replies":[{"embeddable":true,"href":"https:\/\/clubdubalen.fr\/blog\/wp-json\/wp\/v2\/comments?post=872"}],"version-history":[{"count":2,"href":"https:\/\/clubdubalen.fr\/blog\/wp-json\/wp\/v2\/posts\/872\/revisions"}],"predecessor-version":[{"id":882,"href":"https:\/\/clubdubalen.fr\/blog\/wp-json\/wp\/v2\/posts\/872\/revisions\/882"}],"wp:attachment":[{"href":"https:\/\/clubdubalen.fr\/blog\/wp-json\/wp\/v2\/media?parent=872"}],"wp:term":[{"taxonomy":"category","embeddable":true,"href":"https:\/\/clubdubalen.fr\/blog\/wp-json\/wp\/v2\/categories?post=872"},{"taxonomy":"post_tag","embeddable":true,"href":"https:\/\/clubdubalen.fr\/blog\/wp-json\/wp\/v2\/tags?post=872"}],"curies":[{"name":"wp","href":"https:\/\/api.w.org\/{rel}","templated":true}]}}