{"id":681,"date":"2016-04-26T18:22:33","date_gmt":"2016-04-26T16:22:33","guid":{"rendered":"http:\/\/clubdubalen.fr\/blog\/?p=681"},"modified":"2017-08-19T23:40:07","modified_gmt":"2017-08-19T21:40:07","slug":"ceramiques-medievales-a-sauveterre-de-guyenne-gironde","status":"publish","type":"post","link":"https:\/\/clubdubalen.fr\/blog\/ceramiques-medievales-a-sauveterre-de-guyenne-gironde\/","title":{"rendered":"C\u00e9ramiques m\u00e9di\u00e9vales \u00e0 Sauveterre-de-Guyenne (Gironde)"},"content":{"rendered":"<p>Je pense qu&rsquo;il faudra revoir la d\u00e9finition de solin en fin d&rsquo;article&#8230;<\/p>\n<p>Source : <a href=\"http:\/\/www.sudouest.fr\/2016\/04\/26\/fouilles-des-poteries-medievales-emergent-2341689-3188.php\">http:\/\/www.sudouest.fr\/2016\/04\/26\/fouilles-des-poteries-medievales-emergent-2341689-3188.php<\/a><!--more--><\/p>\n<article class=\"hentry article\">\n<div class=\"container grid-g\">\n<div class=\"grid-u-2-3\">\n<blockquote>\n<h1 class=\"title extra-large bitter entry-title\">Fouilles : des poteries m\u00e9di\u00e9vales \u00e9mergent<\/h1>\n<div class=\"thema-links-inline\"><span class=\"publishing\"> <span class=\"downfrom-tablet\">Publi\u00e9<\/span> <time class=\"published downfrom-tablet\" datetime=\"2016-04-26T10:12:49\"> le 26\/04\/2016 . <\/time> Mis \u00e0 jour <time class=\"updated\" datetime=\"\"> le <\/time> par <span class=\"author\"> Patrick Izaute <\/span> <\/span><\/div>\n<\/blockquote>\n<section class=\"article nolegend\">\n<div class=\"entry-content\">\n<div class=\"long\">\n<blockquote><p><span class=\"lettrine\">L<\/span>e diagnostic arch\u00e9ologique op\u00e9r\u00e9 en juillet 2014 sur le site de la future r\u00e9sidence La Jurade avait d\u00e9montr\u00e9 que ce secteur n&rsquo;\u00e9tait pas vide \u00e0 l&rsquo;\u00e9poque m\u00e9di\u00e9vale.<\/p>\n<p>\u00c0 partir du mois de janvier, les arch\u00e9ologues du bureau d&rsquo;investigations Had\u00e8s ont proc\u00e9d\u00e9 \u00e0 des fouilles. Celles-ci se sont d\u00e9roul\u00e9es en deux temps. La premi\u00e8re partie concernant le haut de la parcelle a permis de mettre \u00e0 jour des fosses contenant des poteries de rejet. C&rsquo;est-\u00e0-dire comportant des d\u00e9fauts de cuisson, donc inutilisables.<\/p>\n<p>Des vestiges de fortification, en particulier un large creusement qui pourrait \u00eatre le foss\u00e9, ont \u00e9galement pu \u00eatre observ\u00e9s. D&rsquo;autre part, la pr\u00e9sence de mobilier domestique, de restes de solins (1), de trous de poteaux laissaient penser que le lieu avait \u00e9t\u00e9 habit\u00e9 au Moyen \u00c2ge. Les arch\u00e9ologues s&rsquo;attendaient \u00e0 d\u00e9couvrir des vestiges bien plus int\u00e9ressants lors de la seconde phase de l&rsquo;op\u00e9ration.<\/p>\n<p>Des vestiges importants<\/p>\n<p>\u00ab Nous avons fait des d\u00e9couvertes importantes. En particulier une voie de communication en prolongement de la rue de la Mar\u00e9chalerie, qui est inconnu sur le plan de la bastide. De part et d&rsquo;autre il y avait des habitations. Environ cinq, car nous avons rep\u00e9r\u00e9 plusieurs fours domestiques. Les lignes charbonneuses peuvent \u00eatre interpr\u00e9t\u00e9es comme des supports de fondations. Il y a aussi les restes de solins. Nous avons \u00e9galement mis \u00e0 jour trois puits, mais seul le puits ma\u00e7onn\u00e9 est tr\u00e8s bien conserv\u00e9. Ce devait \u00eatre un puits communal. Et nous avons trouv\u00e9 un four de potier. Ce qui n&rsquo;exclut pas qu&rsquo;il y en ait d&rsquo;autres sous les propri\u00e9t\u00e9s voisines \u00bb, r\u00e9sume Natacha Sauva\u00eetre, la responsable du chantier. Ces vestiges sont importants car ils semblent li\u00e9s aux origines de la bastide, aux XIVe et XVe si\u00e8cles. Cet habitat n\u00e9cessitant des recherches plus approfondies, les fouilles sont prolong\u00e9es jusqu&rsquo;au 6 mai.<\/p>\n<p>Patrick Izaute<\/p>\n<p>(1) Un solin est un ouvrage visant \u00e0 assurer l&rsquo;\u00e9tanch\u00e9it\u00e9.<\/p><\/blockquote>\n<\/div>\n<\/div>\n<\/section>\n<\/div>\n<\/div>\n<\/article>\n","protected":false},"excerpt":{"rendered":"<p>Je pense qu&rsquo;il faudra revoir la d\u00e9finition de solin en fin d&rsquo;article&#8230; Source : http:\/\/www.sudouest.fr\/2016\/04\/26\/fouilles-des-poteries-medievales-emergent-2341689-3188.php<\/p>\n","protected":false},"author":1,"featured_media":0,"comment_status":"open","ping_status":"open","sticky":false,"template":"","format":"standard","meta":[],"categories":[2,67,9],"tags":[],"_links":{"self":[{"href":"https:\/\/clubdubalen.fr\/blog\/wp-json\/wp\/v2\/posts\/681"}],"collection":[{"href":"https:\/\/clubdubalen.fr\/blog\/wp-json\/wp\/v2\/posts"}],"about":[{"href":"https:\/\/clubdubalen.fr\/blog\/wp-json\/wp\/v2\/types\/post"}],"author":[{"embeddable":true,"href":"https:\/\/clubdubalen.fr\/blog\/wp-json\/wp\/v2\/users\/1"}],"replies":[{"embeddable":true,"href":"https:\/\/clubdubalen.fr\/blog\/wp-json\/wp\/v2\/comments?post=681"}],"version-history":[{"count":2,"href":"https:\/\/clubdubalen.fr\/blog\/wp-json\/wp\/v2\/posts\/681\/revisions"}],"predecessor-version":[{"id":919,"href":"https:\/\/clubdubalen.fr\/blog\/wp-json\/wp\/v2\/posts\/681\/revisions\/919"}],"wp:attachment":[{"href":"https:\/\/clubdubalen.fr\/blog\/wp-json\/wp\/v2\/media?parent=681"}],"wp:term":[{"taxonomy":"category","embeddable":true,"href":"https:\/\/clubdubalen.fr\/blog\/wp-json\/wp\/v2\/categories?post=681"},{"taxonomy":"post_tag","embeddable":true,"href":"https:\/\/clubdubalen.fr\/blog\/wp-json\/wp\/v2\/tags?post=681"}],"curies":[{"name":"wp","href":"https:\/\/api.w.org\/{rel}","templated":true}]}}