{"id":678,"date":"2016-04-23T22:40:54","date_gmt":"2016-04-23T20:40:54","guid":{"rendered":"http:\/\/clubdubalen.fr\/blog\/?p=678"},"modified":"2017-08-19T23:39:10","modified_gmt":"2017-08-19T21:39:10","slug":"la-fin-des-cahiers-medulliens-gironde","status":"publish","type":"post","link":"https:\/\/clubdubalen.fr\/blog\/la-fin-des-cahiers-medulliens-gironde\/","title":{"rendered":"La fin des Cahiers M\u00e9dulliens ? (Gironde)"},"content":{"rendered":"<p>Une bien triste nouvelle relay\u00e9e par le quotidien Sud Ouest (source :\u00a0<a href=\"http:\/\/www.sudouest.fr\/2016\/04\/23\/disparition-annoncee-des-cahiers-medulliens-2339399-3193.php\">http:\/\/www.sudouest.fr\/2016\/04\/23\/disparition-annoncee-des-cahiers-medulliens-2339399-3193.php<\/a> ) :<!--more--><\/p>\n<article class=\"hentry article\">\n<div class=\"container grid-g\">\n<div class=\"grid-u-2-3\">\n<blockquote>\n<h1 class=\"title extra-large bitter entry-title\">Disparition annonc\u00e9e des \u00ab Cahiers M\u00e9dulliens \u00bb<\/h1>\n<div class=\"thema-links-inline\"><span class=\"publishing\"> <span class=\"downfrom-tablet\">Publi\u00e9<\/span> <time class=\"published downfrom-tablet\" datetime=\"2016-04-23T03:38:06\"> le 23\/04\/2016 . <\/time> Mis \u00e0 jour <time class=\"updated\" datetime=\"\"> le <\/time> par <span class=\"author\"> M. C. <\/span> <\/span><\/div>\n<\/blockquote>\n<section class=\"article \">\n<blockquote>\n<figure class=\"hmedia marged-bottom\"><img decoding=\"async\" class=\"photo\" src=\"http:\/\/images.sudouest.fr\/images\/2016\/04\/23\/2339399_508_13685286_1000x500.jpg?v=1\" alt=\"Michel Aka et Jean-Pierre M\u00e9ric devant les \u00ab Cahiers M\u00e9dulliens \u00bb.\" \/><figcaption><span class=\"fn\">Michel Aka et Jean-Pierre M\u00e9ric devant les \u00ab Cahiers M\u00e9dulliens \u00bb.<\/span> <em><em> \u00a9<\/em><\/em><\/p>\n<div class=\"contributor vcard\">\n<div class=\"fn\">Photo M. C.<\/div>\n<\/div>\n<\/figcaption><\/figure>\n<\/blockquote>\n<div class=\"entry-content\">\n<div class=\"long\">\n<blockquote><p>\u00ab Et le combat cessa faute de combattants \u00bb. Ces mots de Corneille prononc\u00e9s par Rodrigue dans \u00ab Le Cid \u00bb pourraient s&rsquo;appliquer \u00e0 Jean-Pierre M\u00e9ric et Michel Aka, derniers survivants des \u00ab Cahiers M\u00e9dulliens \u00bb.<\/p>\n<p>Il s&rsquo;agit d&rsquo;une publication semestrielle de la Soci\u00e9t\u00e9 arch\u00e9ologique et historique du M\u00e9doc qu&rsquo;ils pr\u00e9sident. Pr\u00e9sents \u00e0 la F\u00eate du livre de Soulac le week-end dernier, ils s&rsquo;appr\u00eatent \u00e0 jeter l&rsquo;\u00e9ponge apr\u00e8s l&rsquo;\u00e9dition de 55 num\u00e9ros de l&rsquo;ancienne formule cr\u00e9\u00e9e en 1969, et 64 sous la nouvelle formule. Sans compter les num\u00e9ros sp\u00e9ciaux et les petites monographies.<\/p>\n<p>\u00c0 leur naissance, les \u00ab Cahiers M\u00e9dulliens \u00bb \u00e9taient destin\u00e9s \u00e0 publier les d\u00e9couvertes arch\u00e9ologiques de Saint-Yzans. Aujourd&rsquo;hui par lassitude et faute de contributeurs r\u00e9dactionnels, la fin de l&rsquo;association et de son bulletin est annonc\u00e9e pour 2017. \u00ab S&rsquo;il n&rsquo;y a pas de repreneur d&rsquo;ici l\u00e0 \u00bb, pr\u00e9cisent-ils.<\/p>\n<p>M. C.<\/p><\/blockquote>\n<\/div>\n<\/div>\n<\/section>\n<\/div>\n<\/div>\n<\/article>\n","protected":false},"excerpt":{"rendered":"<p>Une bien triste nouvelle relay\u00e9e par le quotidien Sud Ouest (source :\u00a0http:\/\/www.sudouest.fr\/2016\/04\/23\/disparition-annoncee-des-cahiers-medulliens-2339399-3193.php ) :<\/p>\n","protected":false},"author":1,"featured_media":0,"comment_status":"open","ping_status":"open","sticky":false,"template":"","format":"standard","meta":[],"categories":[67],"tags":[],"_links":{"self":[{"href":"https:\/\/clubdubalen.fr\/blog\/wp-json\/wp\/v2\/posts\/678"}],"collection":[{"href":"https:\/\/clubdubalen.fr\/blog\/wp-json\/wp\/v2\/posts"}],"about":[{"href":"https:\/\/clubdubalen.fr\/blog\/wp-json\/wp\/v2\/types\/post"}],"author":[{"embeddable":true,"href":"https:\/\/clubdubalen.fr\/blog\/wp-json\/wp\/v2\/users\/1"}],"replies":[{"embeddable":true,"href":"https:\/\/clubdubalen.fr\/blog\/wp-json\/wp\/v2\/comments?post=678"}],"version-history":[{"count":2,"href":"https:\/\/clubdubalen.fr\/blog\/wp-json\/wp\/v2\/posts\/678\/revisions"}],"predecessor-version":[{"id":918,"href":"https:\/\/clubdubalen.fr\/blog\/wp-json\/wp\/v2\/posts\/678\/revisions\/918"}],"wp:attachment":[{"href":"https:\/\/clubdubalen.fr\/blog\/wp-json\/wp\/v2\/media?parent=678"}],"wp:term":[{"taxonomy":"category","embeddable":true,"href":"https:\/\/clubdubalen.fr\/blog\/wp-json\/wp\/v2\/categories?post=678"},{"taxonomy":"post_tag","embeddable":true,"href":"https:\/\/clubdubalen.fr\/blog\/wp-json\/wp\/v2\/tags?post=678"}],"curies":[{"name":"wp","href":"https:\/\/api.w.org\/{rel}","templated":true}]}}