{"id":669,"date":"2016-04-14T22:23:03","date_gmt":"2016-04-14T20:23:03","guid":{"rendered":"http:\/\/clubdubalen.fr\/blog\/?p=669"},"modified":"2017-08-19T23:36:20","modified_gmt":"2017-08-19T21:36:20","slug":"des-fouilles-au-musee-orthez-64","status":"publish","type":"post","link":"https:\/\/clubdubalen.fr\/blog\/des-fouilles-au-musee-orthez-64\/","title":{"rendered":"Des fouilles au mus\u00e9e (Orthez, 64)"},"content":{"rendered":"<p>Des fouilles arch\u00e9ologiques en pr\u00e9vision \u00e0 Orthez ! (source : <a href=\"http:\/\/www.sudouest.fr\/2016\/04\/13\/le-musee-jeanne-d-albret-va-renaitre-2329253-4329.php\">http:\/\/www.sudouest.fr\/2016\/04\/13\/le-musee-jeanne-d-albret-va-renaitre-2329253-4329.php<\/a>)<!--more--><\/p>\n<article class=\"hentry article\">\n<div class=\"container grid-g\">\n<div class=\"grid-u-2-3\">\n<blockquote>\n<h1 class=\"title extra-large bitter entry-title\">Le mus\u00e9e Jeanne d\u2019Albret va rena\u00eetre<\/h1>\n<div class=\"thema-links-inline\"><span class=\"publishing\"> <span class=\"downfrom-tablet\">Publi\u00e9<\/span> <time class=\"published downfrom-tablet\" datetime=\"2016-04-13T03:36:26\"> le 13\/04\/2016 . <\/time> Mis \u00e0 jour <time class=\"updated\" datetime=\"\"> le <\/time> par <span class=\"author\"> Jean Sarsiat <\/span> <\/span><\/div>\n<\/blockquote>\n<section class=\"article \">\n<blockquote>\n<figure class=\"hmedia marged-bottom\"><img decoding=\"async\" class=\"photo\" src=\"http:\/\/images.sudouest.fr\/images\/2016\/04\/13\/2329253_362_13564648_1000x500.jpg?v=1\" alt=\"Le point sur le projet a \u00e9t\u00e9 fait lors de l\u2019assembl\u00e9e g\u00e9n\u00e9rale.\" \/><figcaption><span class=\"fn\">Le point sur le projet a \u00e9t\u00e9 fait lors de l\u2019assembl\u00e9e g\u00e9n\u00e9rale.<\/span> <em><em> \u00a9<\/em><\/em><\/p>\n<div class=\"contributor vcard\">\n<div class=\"fn\">Ph. J. S.<\/div>\n<\/div>\n<\/figcaption><\/figure>\n<h2 class=\"entry-summary\">Le chantier de restructuration d\u00e9marrerait en 2016.<\/h2>\n<\/blockquote>\n<div class=\"entry-content\">\n<div class=\"long\">\n<blockquote><p><span class=\"lettrine\">L<\/span>e mus\u00e9e Jeanne d&rsquo;Albret, qui a f\u00eat\u00e9 en 2015 ses 20 ans, affiche l&rsquo;ambition de s&rsquo;agrandir et de se restructurer dans la belle b\u00e2tisse du XVe si\u00e8cle, en plein c\u0153ur de la cit\u00e9.<\/p>\n<p>Philippe Chareyre, succ\u00e9dant \u00e0 Robert Darrigrand, a pris la pr\u00e9sidence au printemps 2015 avec l&rsquo;objectif de lancer le projet d\u00e9veloppement du mus\u00e9e qui, d\u00e9sormais, va pouvoir b\u00e9n\u00e9ficier de toute la surface de la maison Jeanne d&rsquo;Albret. L&rsquo;office de tourisme et Orthez-Animation ont d\u00e9m\u00e9nag\u00e9, l&rsquo;appartement occup\u00e9 par la famille Pouyfourcat s&rsquo;est lib\u00e9r\u00e9.<\/p>\n<p>Diagnostic architectural<\/p>\n<p>\u00ab Ce sera presque une renaissance \u00bb, d\u00e9clarait le pr\u00e9sident en annon\u00e7ant que le cabinet de l&rsquo;architecte \u00c9tienne Lavigne, de Pau, a \u00e9t\u00e9 retenu pour r\u00e9aliser, cette ann\u00e9e 2016, le diagnostic architectural. Un dossier va aussi \u00eatre d\u00e9pos\u00e9 aupr\u00e8s de la Drac (Direction r\u00e9gionale des affaires culturelles) pour le lancement d&rsquo;une fouille arch\u00e9ologique dans la cour et dans les b\u00e2timents inoccup\u00e9s situ\u00e9s tout au long de la rue Roarie.<\/p>\n<p>Apr\u00e8s la phase de diagnostic, la r\u00e9flexion sur le nouveau projet mus\u00e9al sera engag\u00e9e tandis que se poursuivra la recherche de financements. Quelques pistes se pr\u00e9cisent d\u00e9j\u00e0 en direction de la Fondation du patrimoine \u00ab qui a une ligne sp\u00e9ciale pour les mus\u00e9es dits religieux \u00bb, et de l&rsquo;organisme French H\u00e9ritage pour recueillir des fonds aux \u00c9tats-Unis o\u00f9 il existe une forme de m\u00e9c\u00e9nat \u00e0 forte d\u00e9fiscalisation. Le chantier pourrait d\u00e9buter d\u00e8s 2016.<\/p>\n<p>Jean Sarsiat<\/p><\/blockquote>\n<\/div>\n<\/div>\n<\/section>\n<\/div>\n<\/div>\n<\/article>\n","protected":false},"excerpt":{"rendered":"<p>Des fouilles arch\u00e9ologiques en pr\u00e9vision \u00e0 Orthez ! (source : http:\/\/www.sudouest.fr\/2016\/04\/13\/le-musee-jeanne-d-albret-va-renaitre-2329253-4329.php)<\/p>\n","protected":false},"author":1,"featured_media":0,"comment_status":"open","ping_status":"open","sticky":false,"template":"","format":"standard","meta":[],"categories":[67],"tags":[],"_links":{"self":[{"href":"https:\/\/clubdubalen.fr\/blog\/wp-json\/wp\/v2\/posts\/669"}],"collection":[{"href":"https:\/\/clubdubalen.fr\/blog\/wp-json\/wp\/v2\/posts"}],"about":[{"href":"https:\/\/clubdubalen.fr\/blog\/wp-json\/wp\/v2\/types\/post"}],"author":[{"embeddable":true,"href":"https:\/\/clubdubalen.fr\/blog\/wp-json\/wp\/v2\/users\/1"}],"replies":[{"embeddable":true,"href":"https:\/\/clubdubalen.fr\/blog\/wp-json\/wp\/v2\/comments?post=669"}],"version-history":[{"count":2,"href":"https:\/\/clubdubalen.fr\/blog\/wp-json\/wp\/v2\/posts\/669\/revisions"}],"predecessor-version":[{"id":913,"href":"https:\/\/clubdubalen.fr\/blog\/wp-json\/wp\/v2\/posts\/669\/revisions\/913"}],"wp:attachment":[{"href":"https:\/\/clubdubalen.fr\/blog\/wp-json\/wp\/v2\/media?parent=669"}],"wp:term":[{"taxonomy":"category","embeddable":true,"href":"https:\/\/clubdubalen.fr\/blog\/wp-json\/wp\/v2\/categories?post=669"},{"taxonomy":"post_tag","embeddable":true,"href":"https:\/\/clubdubalen.fr\/blog\/wp-json\/wp\/v2\/tags?post=669"}],"curies":[{"name":"wp","href":"https:\/\/api.w.org\/{rel}","templated":true}]}}