{"id":655,"date":"2016-03-28T11:20:39","date_gmt":"2016-03-28T09:20:39","guid":{"rendered":"http:\/\/clubdubalen.fr\/blog\/?p=655"},"modified":"2017-08-19T23:37:53","modified_gmt":"2017-08-19T21:37:53","slug":"felix-de-retour-sur-ses-terres-sabres-40","status":"publish","type":"post","link":"https:\/\/clubdubalen.fr\/blog\/felix-de-retour-sur-ses-terres-sabres-40\/","title":{"rendered":"F\u00e9lix de retour sur ses terres (Sabres, 40)"},"content":{"rendered":"<p>Apr\u00e8s avoir connu un franc succ\u00e8s au Mus\u00e9e d&rsquo;Aquitaine en 2015, l&rsquo;exposition d\u00e9di\u00e9e \u00e0 l&rsquo;ethnographe landais de la fin du XIXe si\u00e8cle F\u00e9lix Arnaudin posera ses valises pour 7 mois au Pavillon des Landes de Gascogne \u00e0 Sabres (40). Le site du Conseil d\u00e9partemental des Landes s&rsquo;en fait l&rsquo;\u00e9cho (source : <a href=\"http:\/\/www.landes.fr\/agenda\/exposition-felix-arnaudin.-guetteur-melancolique.-oeuvre-photographique-1874-1921-sabres\" target=\"_blank\" rel=\"noopener\">http:\/\/www.landes.fr\/agenda\/exposition-felix-arnaudin.-guetteur-melancolique.-oeuvre-photographique-1874-1921-sabres<\/a> ).<\/p>\n<p>Cette exposition bas\u00e9e sur les tr\u00e8s nombreuses photographies prises par Arnaudin est d\u00a0\u00bbune richesse exceptionnelle, tant dans les r\u00e9glages r\u00e9alis\u00e9s avant tirage par l&rsquo;\u00e9quipe derri\u00e8re cette exposition (les n\u00e9gatifs sont sur plaques de verre) que dans la <!--more-->mise en situation des paysages (Arnaudin cherchait d\u00e9j\u00e0 un effet panoramique). Par ailleurs, <a href=\"http:\/\/www.mollat.com\/livres\/arnaudin-felix-oeuvre-photographique-1874-1921-9782355271694.html\" target=\"_blank\" rel=\"noopener\">un ouvrage publi\u00e9 pour l&rsquo;occasion <\/a>est disponible dans toutes les bonnes librairies. Enfin, pour rappel, nous consacr\u00e2mes ici m\u00eame il y a trois ans un post sur le travail de F\u00e9lix Arnaudin et sur la mise en ligne de ses photographies : <a href=\"http:\/\/clubdubalen.fr\/blog\/loeuvre-photographique-darnaudin\/\" target=\"_blank\" rel=\"noopener\">http:\/\/clubdubalen.fr\/blog\/loeuvre-photographique-darnaudin\/<\/a><\/p>\n<blockquote>\n<h2>Exposition | F\u00e9lix Arnaudin. Le guetteur m\u00e9lancolique. \u0152uvre photographique 1874-1921 \u00e0 Sabres<\/h2>\n<\/blockquote>\n<div class=\"news-item-view\">\n<div class=\"news-item-content\">\n<blockquote>\n<h3><small>01-04-2016 au 11-11-2016<\/small><\/h3>\n<p><img decoding=\"async\" src=\"http:\/\/www.landes.fr\/images\/cg40\/Agenda\/Culture\/552x310\/2016\/2016-expofelixarnaudin-1104.jpg\" alt=\"Exposition | F\u00e9lix Arnaudin. Le guetteur m\u00e9lancolique. \u0152uvre photographique 1874-1921 \u00e0 Sabres\" \/>D&rsquo;avril \u00e0 novembre 2016, l&rsquo;\u00e9comus\u00e9e de Marqu\u00e8ze accueillera l&rsquo;exposition co-produite avec le Mus\u00e9e d&rsquo;Aquitaine, \u00ab\u00a0F\u00e9lix Arnaudin. Le guetteur m\u00e9lancolique. \u0152uvre photographique, 1874-1921\u00a0\u00bb.<\/p>\n<p>Un voyage passionant dans les Landes du 19e si\u00e8cle, celles que F\u00e9lix Arnaudin, infatigable arpenteur et amoureux de sa lande, a su immortaliser au moment m\u00eame o\u00f9 ce territoire connaissait de profondes mutations. Au Pavillon, dans le train et dans le quartier de Marqu\u00e8ze, les clich\u00e9s de l&rsquo;imagier de la Grande Lande vous plongeront au c\u0153ur d&rsquo;un paysage disparu, celui de la lande rase et de ses bergers \u00e9chassiers, ou simplement m\u00e9connu, r\u00e9v\u00e9l\u00e9 ici au travers de plus d&rsquo;une centaine de photographies.<\/p>\n<p><strong>Infos pratiques<\/strong><br \/>\nA l&rsquo;\u00c9comus\u00e9e de Marqu\u00e8ze<br \/>\nOuvert tous les jours du 1er avril au 11 novembre 2016<br \/>\nRoute de la Gare | 40630 Sabres<br \/>\nT\u00e9l. : 05 58 08 31 31<br \/>\n<a title=\"Contacter l'\u00e9comus\u00e9e de Marqu\u00e8ze\" href=\"http:\/\/www.marqueze.fr\/contacter-l-ecomusee\" target=\"_blank\" rel=\"noopener\">ecomusee-marqueze@parc-landes-de-gascogne.fr<\/a><br \/>\n<a title=\"Les expositions de l'\u00e9comus\u00e9e de Marqu\u00e8ze\" href=\"http:\/\/www.marqueze.fr\/ma-visite\/les-expositions\" target=\"_blank\" rel=\"noopener\">www.marqueze.fr<\/a><\/p><\/blockquote>\n<\/div>\n<\/div>\n","protected":false},"excerpt":{"rendered":"<p>Apr\u00e8s avoir connu un franc succ\u00e8s au Mus\u00e9e d&rsquo;Aquitaine en 2015, l&rsquo;exposition d\u00e9di\u00e9e \u00e0 l&rsquo;ethnographe landais de la fin du XIXe si\u00e8cle F\u00e9lix Arnaudin posera ses valises pour 7 mois au Pavillon des Landes de Gascogne \u00e0 Sabres (40). Le site du Conseil d\u00e9partemental des Landes s&rsquo;en fait l&rsquo;\u00e9cho (source : http:\/\/www.landes.fr\/agenda\/exposition-felix-arnaudin.-guetteur-melancolique.-oeuvre-photographique-1874-1921-sabres ). Cette exposition <span class=\"ellipsis\">&hellip;<\/span> <span class=\"more-link-wrap\"><a href=\"https:\/\/clubdubalen.fr\/blog\/felix-de-retour-sur-ses-terres-sabres-40\/\" class=\"more-link\"><span>Read More &rarr;<\/span><\/a><\/span><\/p>\n","protected":false},"author":1,"featured_media":0,"comment_status":"open","ping_status":"open","sticky":false,"template":"","format":"standard","meta":[],"categories":[2,67],"tags":[],"_links":{"self":[{"href":"https:\/\/clubdubalen.fr\/blog\/wp-json\/wp\/v2\/posts\/655"}],"collection":[{"href":"https:\/\/clubdubalen.fr\/blog\/wp-json\/wp\/v2\/posts"}],"about":[{"href":"https:\/\/clubdubalen.fr\/blog\/wp-json\/wp\/v2\/types\/post"}],"author":[{"embeddable":true,"href":"https:\/\/clubdubalen.fr\/blog\/wp-json\/wp\/v2\/users\/1"}],"replies":[{"embeddable":true,"href":"https:\/\/clubdubalen.fr\/blog\/wp-json\/wp\/v2\/comments?post=655"}],"version-history":[{"count":4,"href":"https:\/\/clubdubalen.fr\/blog\/wp-json\/wp\/v2\/posts\/655\/revisions"}],"predecessor-version":[{"id":915,"href":"https:\/\/clubdubalen.fr\/blog\/wp-json\/wp\/v2\/posts\/655\/revisions\/915"}],"wp:attachment":[{"href":"https:\/\/clubdubalen.fr\/blog\/wp-json\/wp\/v2\/media?parent=655"}],"wp:term":[{"taxonomy":"category","embeddable":true,"href":"https:\/\/clubdubalen.fr\/blog\/wp-json\/wp\/v2\/categories?post=655"},{"taxonomy":"post_tag","embeddable":true,"href":"https:\/\/clubdubalen.fr\/blog\/wp-json\/wp\/v2\/tags?post=655"}],"curies":[{"name":"wp","href":"https:\/\/api.w.org\/{rel}","templated":true}]}}