{"id":546,"date":"2015-11-04T18:57:10","date_gmt":"2015-11-04T17:57:10","guid":{"rendered":"http:\/\/clubdubalen.fr\/blog\/?p=546"},"modified":"2015-12-23T19:00:09","modified_gmt":"2015-12-23T18:00:09","slug":"vers-un-musee-a-la-teste-33","status":"publish","type":"post","link":"https:\/\/clubdubalen.fr\/blog\/vers-un-musee-a-la-teste-33\/","title":{"rendered":"Vers un mus\u00e9e \u00e0 La Teste ? (33)"},"content":{"rendered":"<p>Source\u00a0: <a href=\"http:\/\/www.sudouest.fr\/2015\/11\/04\/la-ville-soumet-le-futur-musee-a-la-question-2174653-2918.php\">http:\/\/www.sudouest.fr\/2015\/11\/04\/la-ville-soumet-le-futur-musee-a-la-question-2174653-2918.php<\/a><\/p>\n<p><strong>La Teste-de-Buch : le projet de mus\u00e9e se pr\u00e9cise<\/strong><\/p>\n<p>Publi\u00e9 le 04\/11\/2015 \u00e0 03h46 , modifi\u00e9 le 04\/11\/2015 \u00e0 10h01 par<\/p>\n<p><a href=\"http:\/\/www.sudouest.fr\/2015\/11\/04\/la-ville-soumet-le-futur-musee-a-la-question-2174653-2918.php\">Marceau Bonnecaze<\/a><\/p>\n<p><strong>\u00c9voqu\u00e9e depuis des ann\u00e9es, la cr\u00e9ation d\u2019un mus\u00e9e maritime et forestier se concr\u00e9tise. La population peut donner son avis et ses attentes via un questionnaire. <\/strong><\/p>\n<p><img decoding=\"async\" class=\"photo\" src=\"http:\/\/images.sudouest.fr\/images\/2015\/11\/04\/2174653_843_11549425_800x400.jpg?v=1\" alt=\"La Teste-de-Buch : le projet de mus\u00e9e se pr\u00e9cise\" \/><\/p>\n<p>Nathalie Legaloudec, responsable du service mus\u00e9e, g\u00e8re les r\u00e9serves patrimoniales municipales. <em>\u00a9Photo M. B. <\/em><\/p>\n<p>E n centre-ville de La Teste, personne ne peut ignorer que<a href=\"http:\/\/www.sudouest.fr\/2015\/10\/28\/on-fouille-autour-du-marche-2167843-2918.php\"> les arch\u00e9ologues ont r\u00e9alis\u00e9 des fouilles pour d\u00e9couvrir des vestiges du Moyen \u00c2ge<\/a>. Certains ont pu remarquer la pr\u00e9sence pr\u00e8s du chantier des fouilles d&rsquo;un petit pr\u00e9sentoir qui offrait aux pi\u00e9tons la possibilit\u00e9 de remplir un questionnaire sur la cr\u00e9ation d&rsquo;un mus\u00e9e \u00e0 La Teste.<\/p>\n<p>Cela n&rsquo;est pas anodin car l&rsquo;arch\u00e9ologue professionnel Philippe Jacques est le pr\u00e9sident de l&rsquo;association de la pr\u00e9figuration du mus\u00e9e maritime et forestier sur la commune. Loin d&rsquo;\u00eatre une \u00ab testerinade \u00bb, c&rsquo;est bel et bien un v\u00e9ritable projet de cr\u00e9ation d&rsquo;un mus\u00e9e patrimonial qui est port\u00e9 par l&rsquo;association mais \u00e9galement par les municipalit\u00e9s successives ; le maire actuel y est favorable comme ses pr\u00e9d\u00e9cesseurs.<\/p>\n","protected":false},"excerpt":{"rendered":"<p>Source\u00a0: http:\/\/www.sudouest.fr\/2015\/11\/04\/la-ville-soumet-le-futur-musee-a-la-question-2174653-2918.php La Teste-de-Buch : le projet de mus\u00e9e se pr\u00e9cise Publi\u00e9 le 04\/11\/2015 \u00e0 03h46 , modifi\u00e9 le 04\/11\/2015 \u00e0 10h01 par Marceau Bonnecaze \u00c9voqu\u00e9e depuis des ann\u00e9es, la cr\u00e9ation d\u2019un mus\u00e9e maritime et forestier se concr\u00e9tise. La population peut donner son avis et ses attentes via un questionnaire. Nathalie Legaloudec, responsable du service <span class=\"ellipsis\">&hellip;<\/span> <span class=\"more-link-wrap\"><a href=\"https:\/\/clubdubalen.fr\/blog\/vers-un-musee-a-la-teste-33\/\" class=\"more-link\"><span>Read More &rarr;<\/span><\/a><\/span><\/p>\n","protected":false},"author":1,"featured_media":0,"comment_status":"open","ping_status":"open","sticky":false,"template":"","format":"standard","meta":[],"categories":[67],"tags":[],"_links":{"self":[{"href":"https:\/\/clubdubalen.fr\/blog\/wp-json\/wp\/v2\/posts\/546"}],"collection":[{"href":"https:\/\/clubdubalen.fr\/blog\/wp-json\/wp\/v2\/posts"}],"about":[{"href":"https:\/\/clubdubalen.fr\/blog\/wp-json\/wp\/v2\/types\/post"}],"author":[{"embeddable":true,"href":"https:\/\/clubdubalen.fr\/blog\/wp-json\/wp\/v2\/users\/1"}],"replies":[{"embeddable":true,"href":"https:\/\/clubdubalen.fr\/blog\/wp-json\/wp\/v2\/comments?post=546"}],"version-history":[{"count":1,"href":"https:\/\/clubdubalen.fr\/blog\/wp-json\/wp\/v2\/posts\/546\/revisions"}],"predecessor-version":[{"id":547,"href":"https:\/\/clubdubalen.fr\/blog\/wp-json\/wp\/v2\/posts\/546\/revisions\/547"}],"wp:attachment":[{"href":"https:\/\/clubdubalen.fr\/blog\/wp-json\/wp\/v2\/media?parent=546"}],"wp:term":[{"taxonomy":"category","embeddable":true,"href":"https:\/\/clubdubalen.fr\/blog\/wp-json\/wp\/v2\/categories?post=546"},{"taxonomy":"post_tag","embeddable":true,"href":"https:\/\/clubdubalen.fr\/blog\/wp-json\/wp\/v2\/tags?post=546"}],"curies":[{"name":"wp","href":"https:\/\/api.w.org\/{rel}","templated":true}]}}