{"id":482,"date":"2014-10-25T22:31:42","date_gmt":"2014-10-25T20:31:42","guid":{"rendered":"http:\/\/clubdubalen.fr\/blog\/?p=482"},"modified":"2014-11-21T18:57:24","modified_gmt":"2014-11-21T17:57:24","slug":"un-patrimoine-medocain-meconnu-lesparre-33","status":"publish","type":"post","link":"https:\/\/clubdubalen.fr\/blog\/un-patrimoine-medocain-meconnu-lesparre-33\/","title":{"rendered":"Un patrimoine m\u00e9docain m\u00e9connu (Lesparre, 33)"},"content":{"rendered":"<p>Lu dans le quotidien Sud Ouest ce jour (source : <a href=\"http:\/\/www.sudouest.fr\/2014\/10\/25\/une-memoire-retrouvee-1715533-2964.php\" target=\"_blank\">http:\/\/www.sudouest.fr\/2014\/10\/25\/une-memoire-retrouvee-1715533-2964.php<\/a>) :<\/p>\n<blockquote>\n<h1 class=\"title extra-large bitter entry-title\">Une m\u00e9moire retrouv\u00e9e<\/h1>\n<aside class=\"details\">\n<div class=\"publishing\">Publi\u00e9 <time class=\"published\" datetime=\"ISO date\"> le 25\/10\/2014 \u00e0 06h00 <\/time> par<\/p>\n<div class=\"author vcard\"><a class=\"url fn\" href=\"http:\/\/www.sudouest.fr\/2014\/10\/25\/une-memoire-retrouvee-1715533-2964.php#\" rel=\"author\">Arnaud Larrue <\/a><\/div>\n<\/div>\n<\/aside>\n<\/blockquote>\n<div class=\"container grid-g\">\n<div class=\"grid-u-2-3\">\n<section class=\"article \">\n<blockquote>\n<h2 class=\"entry-summary\">Depuis le XIIe si\u00e8cle, il y avait \u00e0 Lesparre un important couvent o\u00f9 r\u00e9sidaient des moines franciscains. Il n\u2019en subsiste que quelques traces d\u2019un grand int\u00e9r\u00eat historique.<\/h2>\n<figure class=\"hmedia\"><img decoding=\"async\" class=\"photo\" src=\"http:\/\/images.sudouest.fr\/images\/2014\/10\/25\/1715533_7241522_800x400.jpg?v=1\" alt=\"Une m\u00e9moire retrouv\u00e9e\" \/><figcaption> <span class=\"fn\">Sur cette peinture murale, on distingue des blasons avec armoiries qui m\u00e9riteraient une \u00e9tude approfondie.<\/span> <em><em> \u00a9 Photo<\/em><\/em><\/p>\n<div class=\"contributor vcard\">\n<div class=\"fn\">Photo dr<\/div>\n<\/div>\n<p>&nbsp;<\/p>\n<\/figcaption><\/figure>\n<div class=\"sticky social-links\" data-sticky-container-selector=\"section.article\"><\/div>\n<\/blockquote>\n<div class=\"entry-content\">\n<blockquote><p><span class=\"lettrine\">S<\/span>i la Tour de l&rsquo;Honneur est \u00e0 juste titre aujourd&rsquo;hui le monument historique embl\u00e9matique de la ville de Lesparre, sa hautaine pr\u00e9sence ne doit pas faire oublier qu&rsquo;il y en a eu d&rsquo;autres auxquels leur pass\u00e9 ou leur \u00e9tat actuel n&rsquo;ont pas permis d&rsquo;atteindre \u00e0 la m\u00eame renomm\u00e9e.Le couvent des Cordeliers, par exemple, s&rsquo;il avait \u00e9t\u00e9 bien conserv\u00e9, ferait certainement de l&rsquo;ombre \u00e0 la tour malgr\u00e9 sa position en contrebas. Car le couvent \u00e9tait situ\u00e9 au pied de la tour, le long du cours du mar\u00e9chal Leclerc, et y occupait vraisemblablement l&#8217;emplacement de plusieurs p\u00e2t\u00e9s de maisons actuels o\u00f9 l&rsquo;on trouve maintenant notamment un laboratoire d&rsquo;analyse et une brocante.<strong>Fond\u00e9 en 1239<\/strong><\/p>\n<p>Il avait \u00e9t\u00e9 fond\u00e9 par Ayquem-Guilem III, sire de Lesparre, en 1239, et \u00e9tait donc presque contemporain de son inspirateur, Saint-Fran\u00e7ois d&rsquo;Assises, alors que Louis IX, futur Saint-Louis, \u00e9tait un jeune roi de France de 25 ans. Le couvent a \u00e9t\u00e9 occup\u00e9 par des Cordeliers, c&rsquo;est-\u00e0-dire des moines franciscains, jusqu&rsquo;\u00e0 la R\u00e9volution fran\u00e7aise qui a entra\u00een\u00e9 leur d\u00e9part et une appropriation des b\u00e2timents par l&rsquo;\u00c9tat qui les a ensuite revendus par adjudication \u00e0 des particuliers.<\/p>\n<p>Entre les am\u00e9nagements r\u00e9alis\u00e9s par les propri\u00e9taires priv\u00e9s et les travaux de voirie d&rsquo;am\u00e9nagement de la Ville, ces constructions ont pratiquement disparu au fil des ann\u00e9es en m\u00eame temps qu&rsquo;elles s&rsquo;effa\u00e7aient de la m\u00e9moire collective. Seuls persistaient des restes de l&rsquo;ancienne \u00e9glise du couvent, mais ils \u00e9taient devenus invisibles par leur imbrication dans des b\u00e2timents plus r\u00e9cents.<\/p>\n<p>Ils ont toutefois refait surface en 1995, lorsque le propri\u00e9taire d&rsquo;alors a d\u00e9pos\u00e9 une demande de permis de d\u00e9molir. Apr\u00e8s \u00e9tudes, le service r\u00e9gional de l&rsquo;arch\u00e9ologie est intervenu pour \u00e9viter cette d\u00e9molition qui selon lui, aurait an\u00e9anti les restes de l&rsquo;\u00e9glise du couvent et surtout de tr\u00e8s int\u00e9ressantes peintures murales gothiques. Depuis cette date, la situation ne para\u00eet pas avoir beaucoup \u00e9volu\u00e9. De l&rsquo;\u00e9glise, qui mesurait d&rsquo;apr\u00e8s d&rsquo;anciens plans plus de 32 m\u00e8tres de long, il ne reste presque rien depuis les travaux de percement de l&rsquo;avenue Thiers (cours mar\u00e9chal Leclerc) en 1878. Il ne subsiste que des morceaux de mur qui ont subi de nombreux remaniements et sont int\u00e9gr\u00e9s dans des constructions ult\u00e9rieures, pr\u00e9sentant cependant des traces d&rsquo;ouvertures anciennes, d&rsquo;arc bris\u00e9 ou d&rsquo;arcades.<\/p>\n<p><strong>Peintures murales rares<\/strong><\/p>\n<p>Beaucoup plus int\u00e9ressantes sont les peintures qui ont travers\u00e9 le temps et se trouvaient dans ce qui \u00e9tait la nef de l&rsquo;\u00e9glise. Ces peintures murales comportent des \u00e9cus d&rsquo;armoiries qui alternent avec des repr\u00e9sentations animali\u00e8res qui vont de l&rsquo;aigle au dragon, et rel\u00e8vent de techniques qui permettent de les dater du XIVe si\u00e8cle au plus t\u00f4t. Elles sont aujourd&rsquo;hui tr\u00e8s difficilement accessibles en raison de la construction d&rsquo;un plancher interm\u00e9diaire.<\/p>\n<p><strong>Int\u00e9r\u00eat indiscutable<\/strong><\/p>\n<p>Jacqueline Laroche, qui est sp\u00e9cialiste en peintures murales \u00e0 Lesparre, a cependant pu s&rsquo;en approcher et elle indique : \u00ab Pour moi, on peut effectivement les dater du XIVe ou du XVe si\u00e8cle. Ce ne sont pas des chefs-d&rsquo;\u0153uvre, c&rsquo;est de la peinture utilitaire d\u00e9di\u00e9e \u00e0 la reconnaissance du seigneur du lieu. Si l&rsquo;int\u00e9r\u00eat artistique n&rsquo;est pas certain, l&rsquo;int\u00e9r\u00eat historique est indiscutable. Il faudrait revoir leur \u00e9tat, les consolider pour mieux les conserver, et en tout cas mieux les \u00e9tudier, notamment en ce qui concerne les blasons. \u00bb<\/p>\n<p>Il y a l\u00e0 manifestement un pan de l&rsquo;histoire de Lesparre qui reste en d\u00e9sh\u00e9rence et qui attend depuis longtemps qu&rsquo;enfin quelqu&rsquo;un se penche \u00e0 son chevet avant qu&rsquo;il ne soit trop tard.<\/p>\n<p>Arnaud Larrue<\/p>\n<p>Sur le sujet, on pourra consulter dans le tome LXXXVII de la Revue Arch\u00e9ologique de Bordeaux ann\u00e9e 1996 un article de Michelle Gaborit intitul\u00e9 \u00ab Nouvelles d\u00e9couvertes de peintures murales m\u00e9di\u00e9vales en Gironde au cours de l&rsquo;ann\u00e9e 1996 \u00bb.<\/p><\/blockquote>\n<\/div>\n<\/section>\n<\/div>\n<\/div>\n","protected":false},"excerpt":{"rendered":"<p>Lu dans le quotidien Sud Ouest ce jour (source : http:\/\/www.sudouest.fr\/2014\/10\/25\/une-memoire-retrouvee-1715533-2964.php) : Une m\u00e9moire retrouv\u00e9e Publi\u00e9 le 25\/10\/2014 \u00e0 06h00 par Arnaud Larrue Depuis le XIIe si\u00e8cle, il y avait \u00e0 Lesparre un important couvent o\u00f9 r\u00e9sidaient des moines franciscains. Il n\u2019en subsiste que quelques traces d\u2019un grand int\u00e9r\u00eat historique. Sur cette peinture murale, on <span class=\"ellipsis\">&hellip;<\/span> <span class=\"more-link-wrap\"><a href=\"https:\/\/clubdubalen.fr\/blog\/un-patrimoine-medocain-meconnu-lesparre-33\/\" class=\"more-link\"><span>Read More &rarr;<\/span><\/a><\/span><\/p>\n","protected":false},"author":1,"featured_media":0,"comment_status":"open","ping_status":"open","sticky":false,"template":"","format":"standard","meta":[],"categories":[2],"tags":[],"_links":{"self":[{"href":"https:\/\/clubdubalen.fr\/blog\/wp-json\/wp\/v2\/posts\/482"}],"collection":[{"href":"https:\/\/clubdubalen.fr\/blog\/wp-json\/wp\/v2\/posts"}],"about":[{"href":"https:\/\/clubdubalen.fr\/blog\/wp-json\/wp\/v2\/types\/post"}],"author":[{"embeddable":true,"href":"https:\/\/clubdubalen.fr\/blog\/wp-json\/wp\/v2\/users\/1"}],"replies":[{"embeddable":true,"href":"https:\/\/clubdubalen.fr\/blog\/wp-json\/wp\/v2\/comments?post=482"}],"version-history":[{"count":2,"href":"https:\/\/clubdubalen.fr\/blog\/wp-json\/wp\/v2\/posts\/482\/revisions"}],"predecessor-version":[{"id":493,"href":"https:\/\/clubdubalen.fr\/blog\/wp-json\/wp\/v2\/posts\/482\/revisions\/493"}],"wp:attachment":[{"href":"https:\/\/clubdubalen.fr\/blog\/wp-json\/wp\/v2\/media?parent=482"}],"wp:term":[{"taxonomy":"category","embeddable":true,"href":"https:\/\/clubdubalen.fr\/blog\/wp-json\/wp\/v2\/categories?post=482"},{"taxonomy":"post_tag","embeddable":true,"href":"https:\/\/clubdubalen.fr\/blog\/wp-json\/wp\/v2\/tags?post=482"}],"curies":[{"name":"wp","href":"https:\/\/api.w.org\/{rel}","templated":true}]}}