{"id":474,"date":"2014-10-10T11:11:04","date_gmt":"2014-10-10T09:11:04","guid":{"rendered":"http:\/\/clubdubalen.fr\/blog\/?p=474"},"modified":"2014-10-10T11:11:04","modified_gmt":"2014-10-10T09:11:04","slug":"la-villa-gallo-romaine-de-plassac-entre-progressivement-dans-le-21e-siecle-33","status":"publish","type":"post","link":"https:\/\/clubdubalen.fr\/blog\/la-villa-gallo-romaine-de-plassac-entre-progressivement-dans-le-21e-siecle-33\/","title":{"rendered":"La villa gallo-romaine de Plassac entre progressivement dans le 21e si\u00e8cle (33)"},"content":{"rendered":"<p>Lu ce jour dans le quotidien Sud-Ouest (source :\u00a0<a href=\"http:\/\/www.sudouest.fr\/2014\/10\/10\/bienvenue-dans-la-villa-de-blattius-1699467-2780.php\" target=\"_blank\">http:\/\/www.sudouest.fr\/2014\/10\/10\/bienvenue-dans-la-villa-de-blattius-1699467-2780.php<\/a>) :<\/p>\n<blockquote>\n<h1 class=\"title extra-large bitter entry-title\">Plassac (33) : la villa gallo-romaine inaugur\u00e9e ce vendredi<\/h1>\n<aside class=\"details\">\n<div class=\"publishing\">Publi\u00e9 <time class=\"published\" datetime=\"ISO date\"> le 10\/10\/2014 \u00e0 06h00 <\/time> , modifi\u00e9 <time class=\"updated\" datetime=\"ISO date\"> le 10\/10\/2014 \u00e0 10h47 <\/time> par<\/p>\n<div class=\"author vcard\"><a class=\"url fn\" href=\"http:\/\/www.sudouest.fr\/2014\/10\/10\/bienvenue-dans-la-villa-de-blattius-1699467-2780.php#\" rel=\"author\">J\u00e9r\u00f4me Jamet<\/a><\/div>\n<\/div>\n<\/aside>\n<\/blockquote>\n<div class=\"container grid-g\">\n<div class=\"grid-u-2-3\">\n<section class=\"article \">\n<blockquote>\n<h2 class=\"entry-summary\">Apr\u00e8s cinq ans de travaux, le site arch\u00e9ologique de Plassac sera inaugur\u00e9 ce soir. Il rouvrira au public au printemps<\/h2>\n<div class=\"diaporama slider\">\n<div class=\"flex-viewport\">\n<ul class=\"slides\">\n<li class=\"clone\">\n<figure class=\"hmedia\"><img decoding=\"async\" class=\"photo\" src=\"http:\/\/images.sudouest.fr\/images\/2014\/10\/10\/1699467_7051819_800x400.jpg?v=1\" alt=\"Plassac (33) : la villa gallo-romaine inaugur\u00e9e ce vendredi\" width=\"730\" \/><figcaption> <span class=\"fn\">La corrosion attaque la structure m\u00e9tallique<\/span> <em><em> \u00a9 Photo<\/em><\/em><\/p>\n<div class=\"contributor vcard\">\n<div class=\"fn\">J. J.<\/div>\n<\/div>\n<\/figcaption><\/figure>\n<\/li>\n<li class=\"flex-active-slide\">\n<figure class=\"hmedia\"><img decoding=\"async\" class=\"photo\" src=\"http:\/\/images.sudouest.fr\/images\/2014\/10\/10\/1699467_7051824_800x400.jpg?v=2\" alt=\"Plassac (33) : la villa gallo-romaine inaugur\u00e9e ce vendredi\" width=\"730\" \/><figcaption> <span class=\"fn\">Le grand hall m\u00e9tallique qui prot\u00e8ge les mosa\u00efques donne une id\u00e9e des volumes de la villa gallo-romaine<\/span> <em><em> \u00a9 Photo<\/em><\/em><\/p>\n<div class=\"contributor vcard\">\n<div class=\"fn\">J. J.<\/div>\n<\/div>\n<\/figcaption><\/figure>\n<\/li>\n<li>\n<figure class=\"hmedia\"><img decoding=\"async\" class=\"photo\" src=\"http:\/\/images.sudouest.fr\/images\/2014\/10\/10\/1699467_7051817_800x400.jpg?v=1\" alt=\"Plassac (33) : la villa gallo-romaine inaugur\u00e9e ce vendredi\" width=\"730\" \/><figcaption> <span class=\"fn\">La grande mosa\u00efque est de nouveau visible.<\/span> <em><em> \u00a9 Photo<\/em><\/em><\/p>\n<div class=\"contributor vcard\">\n<div class=\"fn\">J. J.<\/div>\n<\/div>\n<\/figcaption><\/figure>\n<\/li>\n<li>\n<figure class=\"hmedia\"><img decoding=\"async\" class=\"photo\" src=\"http:\/\/images.sudouest.fr\/images\/2014\/10\/10\/1699467_7051819_800x400.jpg?v=1\" alt=\"Plassac (33) : la villa gallo-romaine inaugur\u00e9e ce vendredi\" width=\"730\" \/><figcaption> <span class=\"fn\">La corrosion attaque la structure m\u00e9tallique<\/span> <em><em> \u00a9 Photo<\/em><\/em><\/p>\n<div class=\"contributor vcard\">\n<div class=\"fn\">J. J.<\/div>\n<\/div>\n<\/figcaption><\/figure>\n<\/li>\n<li class=\"clone\">\n<figure class=\"hmedia\"><img decoding=\"async\" class=\"photo\" src=\"http:\/\/images.sudouest.fr\/images\/2014\/10\/10\/1699467_7051824_800x400.jpg?v=2\" alt=\"Plassac (33) : la villa gallo-romaine inaugur\u00e9e ce vendredi\" width=\"730\" \/><figcaption> <span class=\"fn\">Le grand hall m\u00e9tallique qui prot\u00e8ge les mosa\u00efques donne une id\u00e9e des volumes de la villa gallo-romaine<\/span> <em><em> \u00a9 Photo<\/em><\/em><\/p>\n<div class=\"contributor vcard\">\n<div class=\"fn\">J. J.<\/div>\n<\/div>\n<\/figcaption><\/figure>\n<\/li>\n<\/ul>\n<\/div>\n<\/div>\n<\/blockquote>\n<div class=\"entry-content\">\n<blockquote><p><span class=\"lettrine\">P<\/span>lus de 2 000 personnes ont d\u00e9couvert cet \u00e9t\u00e9 la villa gallo-romaine de Plassac.<a href=\"http:\/\/www.sudouest.fr\/2014\/07\/17\/cinq-siecles-d-histoire-1617426-2780.php\"> Rouvert au public au mois de juillet,<\/a> <strong>ce site arch\u00e9ologique unique en Gironde a subi pendant cinq ans d&rsquo;importants travaux<\/strong> de restauration et de mise en valeur qui seront inaugur\u00e9s ce soir par le pr\u00e9sident du Conseil g\u00e9n\u00e9ral Philippe Madrelle.Dominant l&rsquo;estuaire de la Gironde avec son belv\u00e9d\u00e8re, la villa r\u00e9v\u00e8le aujourd&rsquo;hui ses mosa\u00efques exceptionnelles que le public n&rsquo;avait plus vues depuis vingt ans. Parties en 1994 pour \u00eatre restaur\u00e9es par l&rsquo;Atelier de Saint-Romain-en-Gal, dans le Rh\u00f4ne, elles ne sont revenues \u00e0 Plassac qu&rsquo;au printemps dernier.<\/p>\n<h3>Cinq si\u00e8cles d&rsquo;histoire<\/h3>\n<p><strong>La grande mosa\u00efque polychrome<\/strong>, prot\u00e9g\u00e9e aujourd&rsquo;hui par un vaste hall ouvert avec une mezzanine qui reprend les volumes de la villa, est caract\u00e9ristique de l&rsquo;\u00e9cole d&rsquo;Aquitaine. <strong>Les couleurs sont encore \u00e9tonnamment vive<\/strong>s, et \u00e7a et l\u00e0, on distingue les marques de la vie quotidienne au temps des Gallo-Romains dans leurs appartements priv\u00e9s. Comme ces traces de charbon qui d\u00e9signent encore l&#8217;emplacement d&rsquo;un brasero.<\/p>\n<p><strong>Le site de Plassac a \u00e9t\u00e9 occup\u00e9 pendant les cinq premiers si\u00e8cles de notre \u00e8re<\/strong>. Il s&rsquo;agissait d&rsquo;une vaste exploitation agricole avec au centre la villa. On sait que le premier propri\u00e9taire se nommait Blattius, un riche aristocrate romain. Deux autres villas ont \u00e9t\u00e9 successivement construites sur le site. On sait \u00e9galement que la seconde villa, la plus grande, reprenait le plan du palais imp\u00e9rial \u00e0 Rome. Signe de la puissance des aristocrates qui poss\u00e9daient ce domaine. On dit aussi que la vue sur l&rsquo;estuaire rappelait sans doute aux Romains les villas de la baie de Naples\u2026<\/p>\n<h3>Hypocauste<\/h3>\n<p>Les nouveaux am\u00e9nagements mis en \u0153uvre par le D\u00e9partement, propri\u00e9taire du site depuis 1984, permettent de d\u00e9ambuler librement sans craindre d&rsquo;ab\u00eemer les vestiges. Notamment gr\u00e2ce \u00e0 des petites passerelles par lesquelles on s&rsquo;approche de l&rsquo;ing\u00e9nieux syst\u00e8me de chauffage par le sol et par les murs encore visible et que l&rsquo;on appelle hypocauste. On peut voir \u00e9galement la source qui jaillit toujours aujourd&rsquo;hui et alimente des petits caniveaux antiques.<\/p>\n<p>La visite ne serait pas compl\u00e8te sans un passage par le mus\u00e9e entretenu par l&rsquo;Association des amis du Vieux Plassac. Outre les objets du quotidien exhum\u00e9s et les peintures murales de la premi\u00e8re villa, typiques du troisi\u00e8me style pomp\u00e9ien, un film en trois dimensions permet de prendre toute la mesure de ces vestiges arch\u00e9ologiques.<\/p>\n<p>Le public devra cependant attendre le printemps prochain pour parcourir de nouveau le site qui est ferm\u00e9 depuis le 1er octobre pour permettre de finaliser les travaux d&rsquo;am\u00e9nagement (lire ci-contre).<\/p><\/blockquote>\n<div class=\"complementary\">\n<blockquote>\n<p class=\"complementary_title\">Quelques petits probl\u00e8mes \u00e0 r\u00e9gler<\/p>\n<p>Inauguration ne signifie par ouverture au public. Si l\u2019on pouvait visiter le site cet \u00e9t\u00e9 jusqu\u2019au 30 septembre, il est d\u00e9sormais ferm\u00e9 jusqu\u2019au printemps prochain.<\/p>\n<p>Le temps pour le D\u00e9partement de finir les am\u00e9nagements autour de la villa. Principalement paysagers, indique \u00c9ric des Garets, directeur g\u00e9n\u00e9ral adjoint, charg\u00e9 de la vie culturelle au Conseil g\u00e9n\u00e9ral.<\/p>\n<p>Il s\u2019agira aussi \u00ab de rectifier les petits probl\u00e8mes \u00bb qui sont apparus. Notamment les points de corrosion sur le hall m\u00e9tallique qui surplombe la grande mosa\u00efque. L\u2019entrepreneur n\u2019aurait pas utilis\u00e9 un antioxydant ad\u00e9quat pour faire face \u00e0 la salinit\u00e9 de l\u2019air sur les rives de l\u2019estuaire.<\/p>\n<p>Autre petit probl\u00e8me, les pigeons qui ont trouv\u00e9 l\u00e0 un refuge id\u00e9al pour nicher. Mais juste au-dessus d\u2019une mosa\u00efque dat\u00e9e de pr\u00e8s de deux mille ans, ils ne sont forc\u00e9ment pas les bienvenus\u2026 Un syst\u00e8me d\u2019ultrasons a \u00e9t\u00e9 install\u00e9 cet \u00e9t\u00e9 pour les faire d\u00e9guerpir.<\/p>\n<p>Enfin la pluie, qui parfois vient toucher la mosa\u00efque et qui pourrait l\u2019endommager : \u00ab S\u2019il y a des adaptations \u00e0 faire, nous les r\u00e9aliserons avec l\u2019architecte des Monuments historiques. C\u2019est un parti pris d\u2019avoir r\u00e9alis\u00e9 cette structure ouverte en plein air. Tout sera r\u00e9gl\u00e9 pour la saison prochaine \u00bb, assure \u00c9ric des Garets.<\/p><\/blockquote>\n<\/div>\n<\/div>\n<\/section>\n<\/div>\n<\/div>\n","protected":false},"excerpt":{"rendered":"<p>Lu ce jour dans le quotidien Sud-Ouest (source :\u00a0http:\/\/www.sudouest.fr\/2014\/10\/10\/bienvenue-dans-la-villa-de-blattius-1699467-2780.php) : Plassac (33) : la villa gallo-romaine inaugur\u00e9e ce vendredi Publi\u00e9 le 10\/10\/2014 \u00e0 06h00 , modifi\u00e9 le 10\/10\/2014 \u00e0 10h47 par J\u00e9r\u00f4me Jamet Apr\u00e8s cinq ans de travaux, le site arch\u00e9ologique de Plassac sera inaugur\u00e9 ce soir. Il rouvrira au public au printemps La corrosion <span class=\"ellipsis\">&hellip;<\/span> <span class=\"more-link-wrap\"><a href=\"https:\/\/clubdubalen.fr\/blog\/la-villa-gallo-romaine-de-plassac-entre-progressivement-dans-le-21e-siecle-33\/\" class=\"more-link\"><span>Read More &rarr;<\/span><\/a><\/span><\/p>\n","protected":false},"author":1,"featured_media":0,"comment_status":"open","ping_status":"open","sticky":false,"template":"","format":"standard","meta":[],"categories":[2,67,9],"tags":[],"_links":{"self":[{"href":"https:\/\/clubdubalen.fr\/blog\/wp-json\/wp\/v2\/posts\/474"}],"collection":[{"href":"https:\/\/clubdubalen.fr\/blog\/wp-json\/wp\/v2\/posts"}],"about":[{"href":"https:\/\/clubdubalen.fr\/blog\/wp-json\/wp\/v2\/types\/post"}],"author":[{"embeddable":true,"href":"https:\/\/clubdubalen.fr\/blog\/wp-json\/wp\/v2\/users\/1"}],"replies":[{"embeddable":true,"href":"https:\/\/clubdubalen.fr\/blog\/wp-json\/wp\/v2\/comments?post=474"}],"version-history":[{"count":1,"href":"https:\/\/clubdubalen.fr\/blog\/wp-json\/wp\/v2\/posts\/474\/revisions"}],"predecessor-version":[{"id":475,"href":"https:\/\/clubdubalen.fr\/blog\/wp-json\/wp\/v2\/posts\/474\/revisions\/475"}],"wp:attachment":[{"href":"https:\/\/clubdubalen.fr\/blog\/wp-json\/wp\/v2\/media?parent=474"}],"wp:term":[{"taxonomy":"category","embeddable":true,"href":"https:\/\/clubdubalen.fr\/blog\/wp-json\/wp\/v2\/categories?post=474"},{"taxonomy":"post_tag","embeddable":true,"href":"https:\/\/clubdubalen.fr\/blog\/wp-json\/wp\/v2\/tags?post=474"}],"curies":[{"name":"wp","href":"https:\/\/api.w.org\/{rel}","templated":true}]}}