{"id":456,"date":"2014-08-13T22:44:24","date_gmt":"2014-08-13T20:44:24","guid":{"rendered":"http:\/\/clubdubalen.fr\/blog\/?p=456"},"modified":"2014-08-13T22:44:37","modified_gmt":"2014-08-13T20:44:37","slug":"lantiquite-a-carbon-blanc-le-service-archeo-de-la-cub-creuse-la-question","status":"publish","type":"post","link":"https:\/\/clubdubalen.fr\/blog\/lantiquite-a-carbon-blanc-le-service-archeo-de-la-cub-creuse-la-question\/","title":{"rendered":"L&rsquo;Antiquit\u00e9 \u00e0 Carbon-Blanc : le service arch\u00e9o de la CUB creuse la question"},"content":{"rendered":"<p>On en apprend un peu plus sur le chantier qui occupe en ce moment le service arch\u00e9ologique de la CUB (source : <a href=\"http:\/\/www.sudouest.fr\/2014\/08\/13\/un-chantier-prometteur-1640697-2809.php\" target=\"_blank\">http:\/\/www.sudouest.fr\/2014\/08\/13\/un-chantier-prometteur-1640697-2809.php<\/a>) :<\/p>\n<div class=\"page-wrapper drawer-content\">\n<div id=\"page\">\n<article class=\"hentry\">\n<blockquote>\n<h1 class=\"title extra-large bitter entry-title\">Un chantier prometteur<\/h1>\n<aside class=\"details\">\n<div class=\"publishing\">Publi\u00e9 <time class=\"published\" datetime=\"ISO date\"> le 13\/08\/2014 \u00e0 06h00 <\/time> par<\/p>\n<div class=\"author vcard\"><a class=\"url fn\" href=\"http:\/\/www.sudouest.fr\/2014\/08\/13\/un-chantier-prometteur-1640697-2809.php#\" rel=\"author\">Daniel Charpentier <\/a><\/div>\n<\/div>\n<\/aside>\n<\/blockquote>\n<div class=\"container grid-g\">\n<div class=\"grid-u-2-3\">\n<section class=\"article \">\n<blockquote>\n<h2 class=\"entry-summary\">Des \u00e9lus du Conseil municipal se sont rendus sur le site des fouilles arch\u00e9ologiques. L\u2019occasion de faire le point sur les d\u00e9couvertes.<\/h2>\n<figure class=\"hmedia\"><img decoding=\"async\" class=\"photo\" src=\"http:\/\/images.sudouest.fr\/images\/2014\/08\/13\/1640697_6381000_800x400.jpg?v=1\" alt=\"Un chantier prometteur\" \/><figcaption> <span class=\"fn\">Le responsable des recherches, David Hourcade, montre aux \u00e9lus quelques pr\u00e9l\u00e8vements d\u00e9couverts lors des fouilles.<\/span> <em><em> \u00a9 Photo<\/em><\/em><\/p>\n<div class=\"contributor vcard\">\n<div class=\"fn\">Photo D. C.<\/div>\n<\/div>\n<p>&nbsp;<\/p>\n<\/figcaption><\/figure>\n<div class=\"sticky social-links\" data-sticky-container-selector=\"section.article\"><\/div>\n<\/blockquote>\n<div class=\"entry-content\">\n<div class=\"long\">\n<blockquote><p><span class=\"lettrine\">V<\/span>endredi dernier, David Hourcade, responsable des recherches arch\u00e9ologiques qui se d\u00e9roulent place Vialolle (notre \u00e9dition du 8 ao\u00fbt), recevait une d\u00e9l\u00e9gation du Conseil municipal avec Alain Turby, le maire, en t\u00eate. Et ce, pour faire un point sur les d\u00e9couvertes apr\u00e8s une semaine de travaux.Trois tranch\u00e9es, sur les quatre pr\u00e9vues, ont permis de d\u00e9couvrir du mobilier arch\u00e9ologique, des morceaux d&rsquo;amphores et des c\u00e9ramiques d&rsquo;\u00e9poque. Ces d\u00e9couvertes attestent, selon David Hourcade, de la pr\u00e9sence d&rsquo;une construction antique.Apr\u00e8s quelques explications, le responsable du chantier a montr\u00e9 aux \u00e9lus pr\u00e9sents les pr\u00e9l\u00e8vements qui vont \u00eatre analys\u00e9s. Il a \u00e9galement fait \u00e9tat de la d\u00e9couverte d&rsquo;un bac, type lavoir, aliment\u00e9 par une source. Ces faits ont \u00e9t\u00e9 corrobor\u00e9s par un ancien Carbonblannais de 77 ans, qui se souvient de la pr\u00e9sence d&rsquo;eau dans ces lieux.<\/p>\n<p>L&rsquo;arch\u00e9ologue est donc int\u00e9ress\u00e9 par tous les t\u00e9moignages de personnes ayant, \u00e0 quelque niveau que cela soit, particip\u00e9 \u00e0 la construction de la salle des f\u00eates, et donc susceptibles de faire avancer les fouilles (1).<\/p>\n<p>Quand au chantier de r\u00e9habilitation de cette place, il est pr\u00e9vu pour un d\u00e9marrage courant mars prochain.<\/p>\n<p>Daniel Charpentier<\/p>\n<p>(1) Les personnes susceptibles d&rsquo;apporter un t\u00e9moignage quant aux fouilles peuvent contacter Henri Gu\u00e9rin au 05 57 77 68 64.<\/p><\/blockquote>\n<\/div>\n<\/div>\n<\/section>\n<\/div>\n<\/div>\n<\/article>\n<\/div>\n<\/div>\n","protected":false},"excerpt":{"rendered":"<p>On en apprend un peu plus sur le chantier qui occupe en ce moment le service arch\u00e9ologique de la CUB (source : http:\/\/www.sudouest.fr\/2014\/08\/13\/un-chantier-prometteur-1640697-2809.php) : Un chantier prometteur Publi\u00e9 le 13\/08\/2014 \u00e0 06h00 par Daniel Charpentier Des \u00e9lus du Conseil municipal se sont rendus sur le site des fouilles arch\u00e9ologiques. L\u2019occasion de faire le point sur <span class=\"ellipsis\">&hellip;<\/span> <span class=\"more-link-wrap\"><a href=\"https:\/\/clubdubalen.fr\/blog\/lantiquite-a-carbon-blanc-le-service-archeo-de-la-cub-creuse-la-question\/\" class=\"more-link\"><span>Read More &rarr;<\/span><\/a><\/span><\/p>\n","protected":false},"author":1,"featured_media":0,"comment_status":"open","ping_status":"open","sticky":false,"template":"","format":"standard","meta":[],"categories":[67,9],"tags":[],"_links":{"self":[{"href":"https:\/\/clubdubalen.fr\/blog\/wp-json\/wp\/v2\/posts\/456"}],"collection":[{"href":"https:\/\/clubdubalen.fr\/blog\/wp-json\/wp\/v2\/posts"}],"about":[{"href":"https:\/\/clubdubalen.fr\/blog\/wp-json\/wp\/v2\/types\/post"}],"author":[{"embeddable":true,"href":"https:\/\/clubdubalen.fr\/blog\/wp-json\/wp\/v2\/users\/1"}],"replies":[{"embeddable":true,"href":"https:\/\/clubdubalen.fr\/blog\/wp-json\/wp\/v2\/comments?post=456"}],"version-history":[{"count":2,"href":"https:\/\/clubdubalen.fr\/blog\/wp-json\/wp\/v2\/posts\/456\/revisions"}],"predecessor-version":[{"id":458,"href":"https:\/\/clubdubalen.fr\/blog\/wp-json\/wp\/v2\/posts\/456\/revisions\/458"}],"wp:attachment":[{"href":"https:\/\/clubdubalen.fr\/blog\/wp-json\/wp\/v2\/media?parent=456"}],"wp:term":[{"taxonomy":"category","embeddable":true,"href":"https:\/\/clubdubalen.fr\/blog\/wp-json\/wp\/v2\/categories?post=456"},{"taxonomy":"post_tag","embeddable":true,"href":"https:\/\/clubdubalen.fr\/blog\/wp-json\/wp\/v2\/tags?post=456"}],"curies":[{"name":"wp","href":"https:\/\/api.w.org\/{rel}","templated":true}]}}