{"id":44,"date":"2013-04-24T20:46:30","date_gmt":"2013-04-24T18:46:30","guid":{"rendered":"http:\/\/clubdubalen.fr\/blog\/?p=44"},"modified":"2013-04-24T20:46:30","modified_gmt":"2013-04-24T18:46:30","slug":"les-landes-a-lepoque-gallo-romaine","status":"publish","type":"post","link":"https:\/\/clubdubalen.fr\/blog\/les-landes-a-lepoque-gallo-romaine\/","title":{"rendered":"Les Landes \u00e0 l&rsquo;\u00e9poque gallo-romaine"},"content":{"rendered":"<p>Loin de moi l&rsquo;id\u00e9e de vous proposer ici une synth\u00e8se actuelle sur le sujet. En effet, l&rsquo;\u00e9tat de nos connaissances sur le peuplement antique dans le d\u00e9partement est en plein bouleversement, tant par les donn\u00e9es h\u00e9rit\u00e9es de l&rsquo;arch\u00e9ologie pr\u00e9ventive que par celles de l&rsquo;arch\u00e9ologie programm\u00e9e. Une fouille de sauvetage va d&rsquo;ailleurs \u00eatre men\u00e9e prochainement dans le Brassenx, sous la direction de Didier Vignaud (Centre de Recherches Arch\u00e9ologiques sur les Landes), sur un habitat du Bas Empire. Ce blog s&rsquo;en fera l&rsquo;\u00e9cho.<\/p>\n<p>Ce que le Club Dubalen tient \u00e0 vous pr\u00e9senter, c&rsquo;est un \u00e9tat des connaissances sur le gallo-romain dans les Landes en 1985. A cette \u00e9poque, l&rsquo;arch\u00e9ologue Brigitte Watier (nous reviendrons sur elle dans un autre post) avait r\u00e9alis\u00e9 ce travail pour le CRDP (Centre R\u00e9gional de Documentation P\u00e9dagogique) et le CDDP (Centre D\u00e9partemental de Documentation P\u00e9dagogique).<\/p>\n<p>Bien document\u00e9, \u00e9crit par la personne la mieux plac\u00e9e \u00e0 l&rsquo;\u00e9poque pour parler de cette th\u00e9matique, ce document, pr\u00e8s de 30 ans apr\u00e8s, reste riche par les informations qu&rsquo;il nous livre.<\/p>\n<p><a href=\"http:\/\/www.clubdubalen.fr\/bibli\/antic40b.pdf\" target=\"_blank\">Le gallo-romain dans les Landes, par Brigitte Watier<\/a><\/p>\n<p>Certaines illustrations, trop compress\u00e9e, ne sont pas visibles \u00e0 leur juste valeur. Nous vous les proposons ici :<\/p>\n<div style=\"width: 1233px\" class=\"wp-caption alignnone\"><img decoding=\"async\" loading=\"lazy\" alt=\"\" src=\"http:\/\/www.clubdubalen.fr\/icono\/airequitt.jpg\" width=\"1223\" height=\"867\" \/><p class=\"wp-caption-text\">Aire-sur-l&rsquo;Adour, \u00e9glise du Mas, sarcophage dit de Sainte Quitterie<\/p><\/div>\n<div style=\"width: 1291px\" class=\"wp-caption alignnone\"><img decoding=\"async\" loading=\"lazy\" alt=\"\" src=\"http:\/\/www.clubdubalen.fr\/icono\/daxbasil.jpg\" width=\"1281\" height=\"851\" \/><p class=\"wp-caption-text\">Dax, vue g\u00e9n\u00e9rale de la fouille de l&rsquo;\u00eelot central.<\/p><\/div>\n<p>&nbsp;<\/p>\n<div style=\"width: 1288px\" class=\"wp-caption alignnone\"><img decoding=\"async\" loading=\"lazy\" alt=\"\" src=\"http:\/\/www.clubdubalen.fr\/icono\/daxremp.jpg\" width=\"1278\" height=\"851\" \/><p class=\"wp-caption-text\">Dax : vue des remparts gallo-romains du Bas-Empire.<\/p><\/div>\n<div style=\"width: 1285px\" class=\"wp-caption alignnone\"><img decoding=\"async\" loading=\"lazy\" alt=\"\" src=\"http:\/\/www.clubdubalen.fr\/icono\/moz.jpg\" width=\"1275\" height=\"851\" \/><p class=\"wp-caption-text\">Sorde-l&rsquo;Abbaye : mosa\u00efque de la Maison des Abb\u00e9s (Bas-Empire).<\/p><\/div>\n<p>&nbsp;<\/p>\n<div style=\"width: 1288px\" class=\"wp-caption alignnone\"><img decoding=\"async\" loading=\"lazy\" alt=\"\" src=\"http:\/\/www.clubdubalen.fr\/icono\/sanguinet.jpg\" width=\"1278\" height=\"850\" \/><p class=\"wp-caption-text\">Losa (Sanguinet), site gallo-romain sublacustre : mur du fanum.<\/p><\/div>\n<div style=\"width: 1291px\" class=\"wp-caption alignnone\"><img decoding=\"async\" loading=\"lazy\" alt=\"\" src=\"http:\/\/www.clubdubalen.fr\/icono\/voie40.jpg\" width=\"1281\" height=\"855\" \/><p class=\"wp-caption-text\">Voie romaine.<\/p><\/div>\n<p>&nbsp;<\/p>\n","protected":false},"excerpt":{"rendered":"<p>Loin de moi l&rsquo;id\u00e9e de vous proposer ici une synth\u00e8se actuelle sur le sujet. En effet, l&rsquo;\u00e9tat de nos connaissances sur le peuplement antique dans le d\u00e9partement est en plein bouleversement, tant par les donn\u00e9es h\u00e9rit\u00e9es de l&rsquo;arch\u00e9ologie pr\u00e9ventive que par celles de l&rsquo;arch\u00e9ologie programm\u00e9e. Une fouille de sauvetage va d&rsquo;ailleurs \u00eatre men\u00e9e prochainement dans <span class=\"ellipsis\">&hellip;<\/span> <span class=\"more-link-wrap\"><a href=\"https:\/\/clubdubalen.fr\/blog\/les-landes-a-lepoque-gallo-romaine\/\" class=\"more-link\"><span>Read More &rarr;<\/span><\/a><\/span><\/p>\n","protected":false},"author":1,"featured_media":0,"comment_status":"open","ping_status":"open","sticky":false,"template":"","format":"standard","meta":[],"categories":[5,4],"tags":[],"_links":{"self":[{"href":"https:\/\/clubdubalen.fr\/blog\/wp-json\/wp\/v2\/posts\/44"}],"collection":[{"href":"https:\/\/clubdubalen.fr\/blog\/wp-json\/wp\/v2\/posts"}],"about":[{"href":"https:\/\/clubdubalen.fr\/blog\/wp-json\/wp\/v2\/types\/post"}],"author":[{"embeddable":true,"href":"https:\/\/clubdubalen.fr\/blog\/wp-json\/wp\/v2\/users\/1"}],"replies":[{"embeddable":true,"href":"https:\/\/clubdubalen.fr\/blog\/wp-json\/wp\/v2\/comments?post=44"}],"version-history":[{"count":2,"href":"https:\/\/clubdubalen.fr\/blog\/wp-json\/wp\/v2\/posts\/44\/revisions"}],"predecessor-version":[{"id":46,"href":"https:\/\/clubdubalen.fr\/blog\/wp-json\/wp\/v2\/posts\/44\/revisions\/46"}],"wp:attachment":[{"href":"https:\/\/clubdubalen.fr\/blog\/wp-json\/wp\/v2\/media?parent=44"}],"wp:term":[{"taxonomy":"category","embeddable":true,"href":"https:\/\/clubdubalen.fr\/blog\/wp-json\/wp\/v2\/categories?post=44"},{"taxonomy":"post_tag","embeddable":true,"href":"https:\/\/clubdubalen.fr\/blog\/wp-json\/wp\/v2\/tags?post=44"}],"curies":[{"name":"wp","href":"https:\/\/api.w.org\/{rel}","templated":true}]}}