{"id":404,"date":"2014-07-09T15:27:55","date_gmt":"2014-07-09T13:27:55","guid":{"rendered":"http:\/\/clubdubalen.fr\/blog\/?p=404"},"modified":"2014-07-09T15:27:55","modified_gmt":"2014-07-09T13:27:55","slug":"archeologie-en-lot-et-garonne-antiquite-et-haut-moyen-age-a-lhonneur","status":"publish","type":"post","link":"https:\/\/clubdubalen.fr\/blog\/archeologie-en-lot-et-garonne-antiquite-et-haut-moyen-age-a-lhonneur\/","title":{"rendered":"Arch\u00e9ologie en Lot-et-Garonne : Antiquit\u00e9 et Haut Moyen Age \u00e0 l&rsquo;honneur"},"content":{"rendered":"<p>Le quotidien Sud-Ouest donne \u00e0 lire ce jour pas moins de 3 articles d\u00e9di\u00e9s aux fouilles men\u00e9es dans le Lot-et-Garonne par des arch\u00e9ologues rattach\u00e9s \u00e0 l&rsquo;Unviersit\u00e9, dont 2 sur le site de Bruch.<\/p>\n<div class=\"page-wrapper drawer-content\">\n<div id=\"page\">\n<div class=\"hentry article\">\n<blockquote>\n<h1 class=\"title extra-large bitter entry-title\">Bruch (47) : les fouilles arch\u00e9ologiques de la n\u00e9cropole m\u00e9rovingienne en images<\/h1>\n<aside class=\"details\">\n<div class=\"publishing\">Publi\u00e9 <time class=\"published\" datetime=\"ISO date\"> le 09\/07\/2014 \u00e0 09h57 <\/time> , modifi\u00e9 <time class=\"updated\" datetime=\"ISO date\"> le 09\/07\/2014 \u00e0 10h26 <\/time><\/div>\n<\/aside>\n<\/blockquote>\n<div class=\"container grid-g\">\n<div id=\"portfolio\" class=\"grid-u\">\n<article>\n<blockquote>\n<h2 class=\"entry-summary\">C&rsquo;est un site autant pr\u00e9cieux que rare sur lequel sont en train de travailler les arch\u00e9ologues \u00e0 Bruch. Petite plong\u00e9e dans les myst\u00e8res d&rsquo;un pass\u00e9 qui vous ram\u00e8ne dix-huit si\u00e8cles en arri\u00e8re. Pour en savoir plus sur le sujet, merci de <strong><a href=\"http:\/\/bit.ly\/1qUrqXi\">cliquer ici<\/a><\/strong><\/h2>\n<div class=\"sticky social-links\" style=\"margin-top: 0px; position: relative; top: auto; left: auto; width: auto;\" data-sticky-container-selector=\"article\"><\/div>\n<\/blockquote>\n<div class=\"entry-content\">\n<blockquote>\n<figure class=\"hmedia\"><img decoding=\"async\" class=\"photo\" src=\"http:\/\/images.sudouest.fr\/images\/2014\/07\/09\/une-necropole-merovingienne-installee-ici-entre-le-vie-et_1930980_1200x800.jpg?v=1\" alt=\"Bruch (47) : les fouilles arch\u00e9ologiques de la n\u00e9cropole m\u00e9rovingienne en images\" width=\"1152\" \/><figcaption> <span class=\"fn\">Une n\u00e9cropole m\u00e9rovingienne, install\u00e9e ici entre le VIe et VIIe si\u00e8cle de notre \u00e8re, a notamment \u00e9t\u00e9 d\u00e9couverte. Les sarcophages tournent la t\u00eate vers l&rsquo;orient et J\u00e9rusalem.<\/span> <em> \u00a9 Photo <span class=\"contributor vcard\"> <span class=\"fn\">Drouinaud Emilie<\/span> <\/span> <\/em> <\/figcaption><\/figure>\n<figure class=\"hmedia\"><img decoding=\"async\" class=\"photo\" src=\"http:\/\/images.sudouest.fr\/images\/2014\/07\/09\/le-chantier-universitaire-rassemble-de-nombreux-etudiants-en_1930977_1200x800.jpg?v=1\" alt=\"Bruch (47) : les fouilles arch\u00e9ologiques de la n\u00e9cropole m\u00e9rovingienne en images\" width=\"1152\" \/><figcaption> <span class=\"fn\">Le chantier universitaire rassemble de nombreux \u00e9tudiants en arch\u00e9ologie. Il est dirig\u00e9 par Isabelle Cartron (universit\u00e9 de Bordeaux) et Dominique Castex (CNRS).<\/span> <em> \u00a9 Photo <span class=\"contributor vcard\"> <span class=\"fn\">Drouinaud Emilie<\/span> <\/span> <\/em> <\/figcaption><\/figure>\n<figure class=\"hmedia\"><img decoding=\"async\" class=\"photo\" src=\"http:\/\/images.sudouest.fr\/images\/2014\/07\/09\/les-chercheurs-ont-egalement-retrouve-les-vestiges-d-une_1930974_1200x800.jpg?v=1\" alt=\"Bruch (47) : les fouilles arch\u00e9ologiques de la n\u00e9cropole m\u00e9rovingienne en images\" width=\"1152\" \/><figcaption> <span class=\"fn\">Les chercheurs ont \u00e9galement retrouv\u00e9 les vestiges d&rsquo;une maison gallo-romaine datant du IVe si\u00e8cle apr\u00e8s J-C.<\/span> <em> \u00a9 Photo <span class=\"contributor vcard\"> <span class=\"fn\">Drouinaud Emilie<\/span> <\/span> <\/em> <\/figcaption><\/figure>\n<figure class=\"hmedia\"><img decoding=\"async\" class=\"photo\" src=\"http:\/\/images.sudouest.fr\/images\/2014\/07\/09\/le-cout-des-fouilles-est-estime-entre-15-000-et-20-000-euros_1930975_1200x800.jpg?v=1\" alt=\"Bruch (47) : les fouilles arch\u00e9ologiques de la n\u00e9cropole m\u00e9rovingienne en images\" width=\"1152\" \/><figcaption> <span class=\"fn\">Le co\u00fbt des fouilles est estim\u00e9 entre 15 000 et 20 000 euros par campagne. Il est assum\u00e9 par le minist\u00e8re de la Culture et le Conseil g\u00e9n\u00e9ral de Lot-et-Garonne<\/span> <em> \u00a9 Photo <span class=\"contributor vcard\"> <span class=\"fn\">Drouinaud Emilie<\/span><\/span><\/em><\/figcaption><div class=\"social-portfolio\"><\/div>\n<\/figure>\n<figure class=\"hmedia\"><img decoding=\"async\" class=\"photo\" src=\"http:\/\/images.sudouest.fr\/images\/2014\/07\/09\/les-ossements-retrouves-permettront-de-determiner-l-age-des_1931004_1200x800.jpg?v=1\" alt=\"Bruch (47) : les fouilles arch\u00e9ologiques de la n\u00e9cropole m\u00e9rovingienne en images\" width=\"1152\" \/><figcaption> <span class=\"fn\">Les ossements retrouv\u00e9s permettront de d\u00e9terminer l&rsquo;\u00e2ge des d\u00e9funts, leur sexe et \u00e9tat sanitaire g\u00e9n\u00e9ral<\/span> <em> \u00a9 Photo <span class=\"contributor vcard\"> <span class=\"fn\">Drouinaud Emilie<\/span> <\/span> <\/em> <\/figcaption><\/figure>\n<figure class=\"hmedia\"><img decoding=\"async\" class=\"photo\" src=\"http:\/\/images.sudouest.fr\/images\/2014\/07\/09\/le-terrain-appartient-actuellement-a-un-prive-mais-le_1930976_1200x800.jpg?v=1\" alt=\"Bruch (47) : les fouilles arch\u00e9ologiques de la n\u00e9cropole m\u00e9rovingienne en images\" width=\"1152\" \/><figcaption class=\"section-title\"> <span class=\"fn\">Le terrain appartient actuellement \u00e0 un priv\u00e9 mais le dossier pourrait rebondir tant le potentiel touristique et historique du site est pr\u00e9cieux<\/span> <em> \u00a9 Photo <span class=\"contributor vcard\"> <span class=\"fn\">Drouinaud Emilie<\/span><\/span><\/em><\/figcaption><\/figure>\n<\/blockquote>\n<\/div>\n<\/article>\n<\/div>\n<\/div>\n<\/div>\n<\/div>\n<\/div>\n<p>source : <a href=\"http:\/\/www.sudouest.fr\/2014\/07\/09\/bruch-47-les-fouilles-archeologiques-de-la-necropole-merovingiennes-en-images-1610388-3641.php\" target=\"_blank\">http:\/\/www.sudouest.fr\/2014\/07\/09\/bruch-47-les-fouilles-archeologiques-de-la-necropole-merovingiennes-en-images-1610388-3641.php<\/a><\/p>\n<div class=\"bottom-popup\">\n<div class=\"page-wrapper drawer-content\">\n<div id=\"page\">\n<article class=\"hentry\">\n<blockquote>\n<h1 class=\"title extra-large bitter entry-title\">Bruch (47) : une villa gallo-romaine et une n\u00e9cropole m\u00e9rovingienne sous les pieds<\/h1>\n<aside class=\"details\">\n<div class=\"publishing\">Publi\u00e9 <time class=\"published\" datetime=\"ISO date\"> le 09\/07\/2014 \u00e0 06h00 <\/time> , modifi\u00e9 <time class=\"updated\" datetime=\"ISO date\"> le 09\/07\/2014 \u00e0 09h33 <\/time> par<\/p>\n<div class=\"author vcard\"><a class=\"url fn\" href=\"http:\/\/www.sudouest.fr\/2014\/07\/09\/fouilles-en-terrain-a-vendre-1609899-3641.php#\" rel=\"author\">Christophe Massenot<\/a><\/div>\n<\/div>\n<\/aside>\n<\/blockquote>\n<div class=\"container grid-g\">\n<div class=\"grid-u-2-3\">\n<section class=\"article \">\n<blockquote>\n<h2 class=\"entry-summary\">Les arch\u00e9ologues ont repris leurs travaux sur ce site que le Val d\u2019Albret pourrait finalement acqu\u00e9rir.<\/h2>\n<figure class=\"hmedia\"><img decoding=\"async\" class=\"photo\" src=\"http:\/\/images.sudouest.fr\/images\/2014\/07\/09\/1609899_6018811_800x400.jpg?v=1\" alt=\"Bruch (47) : une villa gallo-romaine et une n\u00e9cropole m\u00e9rovingienne sous les pieds\" \/><figcaption> <span class=\"fn\">Le site, r\u00e9investi en d\u00e9but de semaine, sera ouvert au public le 14 juillet apr\u00e8s-midi.<\/span> <em><em> \u00a9 Photo<\/em><\/em><\/p>\n<div class=\"contributor vcard\">\n<div class=\"fn\">photo \u00c9milie drouinaud<\/div>\n<\/div>\n<\/figcaption><\/figure>\n<\/blockquote>\n<div class=\"entry-content\">\n<div class=\"long\">\n<blockquote><p><span class=\"lettrine\">F<\/span>ouilles arch\u00e9ologiques et recherches anthropologiques saison IV. Depuis lundi et durant trois semaines, un quarteron d&rsquo;\u00e9tudiants en stage pratique manie la pelle, le balai et la truelle sur ce terrain creus\u00e9 depuis 2011. Un chantier universitaire conduit par Isabelle Cartron de l&rsquo;universit\u00e9 de Bordeaux et Dominique Castex du Centre national de la recherche scientifique (CNRS), \u00e9tal\u00e9 sur 250 m\u00b2 en bordure de la d\u00e9partementale des Landes, \u00e0 Bruch.<strong>Le propri\u00e9taire veut vendre<\/strong><\/p>\n<p>Un site rare et un sous-sol riche d&rsquo;o\u00f9 <strong>ont \u00e9t\u00e9 exhum\u00e9s les murs d&rsquo;une villa gallo-romaine datant des IIIe et IVe si\u00e8cles apr\u00e8s J.-C. ainsi que les tombeaux d&rsquo;une n\u00e9cropole m\u00e9rovingienne<\/strong>, install\u00e9e ici entre les VIe et VIIIe si\u00e8cle.<\/p>\n<p>\u00ab On sait \u00e9galement qu&rsquo;une \u00e9glise a \u00e9t\u00e9 \u00e9difi\u00e9e au XIIIe si\u00e8cle dans ce p\u00e9rim\u00e8tre, compl\u00e8te Isabelle Cartron. Les murs de la villa sont parfaitement conserv\u00e9s sur une hauteur de 80 cm. Quant aux sarcophages, qui font pour certains office de petits caveaux, ils tournent la t\u00eate \u00e0 l&rsquo;ouest pour permettre de scruter vers l&rsquo;orient et J\u00e9rusalem. Enfin, avec les ossements retrouv\u00e9s et actuellement en cours d&rsquo;expertise, on va pouvoir d\u00e9terminer l&rsquo;\u00e2ge des d\u00e9funts, leur sexe, leur \u00e9tat sanitaire g\u00e9n\u00e9ral\u2026 \u00bb<\/p>\n<p>Voil\u00e0 pour le contexte historique d&rsquo;un chantier sur lequel planent sinon des doutes, du moins quelques n\u00e9bulosit\u00e9s. Le terrain appartient \u00e0 un priv\u00e9 cherchant acqu\u00e9reur pour cette parcelle forc\u00e9ment peu attractive en l&rsquo;\u00e9tat. \u00ab Chaque ann\u00e9e, au moment de revenir,<strong> nous nous demandons si le propri\u00e9taire donnera son accord pour la poursuite des recherches<\/strong> \u00bb, soul\u00e8ve Isabelle Cartron.<\/p>\n<p><strong>15 000 \u00e0 20 000 \u20ac la session<\/strong><\/p>\n<p>Dans cette situation, l&rsquo;arch\u00e9ologue convient devoir creuser avec le dos de la pelle : \u00ab <strong>Nous n&rsquo;avons pas les mains libres pour organiser les fouilles.<\/strong> Nous pensons qu&rsquo;il faudrait pourtant \u00e9largir les recherches sur une superficie d&rsquo;un hectare. \u00bb<\/p>\n<p>Ce dossier devrait cependant rebondir. Tant le potentiel touristique et historique du site est appr\u00e9ciable et pr\u00e9cieux. D&rsquo;ailleurs, sans le d\u00e9part pr\u00e9cipit\u00e9 de Bernard Faucon-Lambert de la pr\u00e9sidence, la Communaut\u00e9 de communes du Val d&rsquo;Albret (CCVA) en serait d\u00e9sormais propri\u00e9taire.<\/p>\n<p>La CCVA est toujours pr\u00eate \u00e0 investir. \u00ab Nous sommes plut\u00f4t favorables \u00e0 l&rsquo;achat de la parcelle, mais sous certaines conditions \u00bb, rappelle Nicolas Lacombe, maire de N\u00e9rac et pr\u00e9sident de l&rsquo;intercommunalit\u00e9 (lire ci-dessous). \u00c0 ce jour, le Val d&rsquo;Albret prend \u00e0 sa charge les repas des arch\u00e9ologues. Quant au co\u00fbt des fouilles, estim\u00e9 entre 15 000 et 20 000 euros par campagne, il est assum\u00e9 par le minist\u00e8re de la Culture et, en partie, par le Conseil g\u00e9n\u00e9ral de Lot-et-Garonne.<strong> La n\u00e9cropole sera ouverte au public lundi 14 juillet apr\u00e8s-midi.<\/strong><\/p><\/blockquote>\n<\/div>\n<\/div>\n<\/section>\n<\/div>\n<\/div>\n<\/article>\n<\/div>\n<\/div>\n<\/div>\n<p>source : <a href=\"http:\/\/www.sudouest.fr\/2014\/07\/09\/fouilles-en-terrain-a-vendre-1609899-3641.php\" target=\"_blank\">http:\/\/www.sudouest.fr\/2014\/07\/09\/fouilles-en-terrain-a-vendre-1609899-3641.php<\/a><\/p>\n<blockquote>\n<h1 class=\"title extra-large bitter entry-title\">Villeneuve-sur-Lot : ce que l\u2019on a d\u00e9couvert en trois ans de fouilles \u00e0 Eysses<\/h1>\n<aside class=\"details\">\n<div class=\"publishing\">Publi\u00e9 <time class=\"published\" datetime=\"ISO date\"> le 09\/07\/2014 \u00e0 06h00 <\/time> , modifi\u00e9 <time class=\"updated\" datetime=\"ISO date\"> le 09\/07\/2014 \u00e0 11h53 <\/time> par<\/p>\n<div class=\"author vcard\"><a class=\"url fn\" href=\"http:\/\/www.sudouest.fr\/2014\/07\/09\/ce-que-l-on-a-decouvert-en-trois-ans-de-fouilles-1609973-3603.php#\" rel=\"author\">arnauld bernard<\/a><\/div>\n<\/div>\n<\/aside>\n<h2 class=\"entry-summary\">La campagne annuelle de fouilles s\u2019ach\u00e8ve \u00e0 Eysses, Alain Bouet dresse un bilan prometteur.<\/h2>\n<figure class=\"hmedia\"><img decoding=\"async\" class=\"photo\" src=\"http:\/\/images.sudouest.fr\/images\/2014\/07\/09\/1609973_6016570_800x400.jpg?v=1\" alt=\"Villeneuve-sur-Lot : ce que l\u2019on a d\u00e9couvert en trois ans de fouilles \u00e0 Eysses\" \/><figcaption> <span class=\"fn\">Les visites du site, organis\u00e9es par l\u2019office de tourisme, ont permis aux Villeneuvois de venir d\u00e9couvrir une partie m\u00e9connue de leur patrimoine.<\/span> <em><em> \u00a9 Photo<\/em><\/em><\/p>\n<div class=\"contributor vcard\">\n<div class=\"fn\">photo A. B.<\/div>\n<\/div>\n<\/figcaption><\/figure>\n<div class=\"sticky social-links\" style=\"margin-top: 0px; position: fixed; top: 75px; left: 838.167px; width: 40px;\" data-sticky-container-selector=\"section.article\"><\/div>\n<\/blockquote>\n<div class=\"entry-content\">\n<blockquote><p><span class=\"lettrine\">S<\/span>ur le terrain qui jouxte le centre de d\u00e9tention de Eysses, une poign\u00e9e de for\u00e7ats creusent en silence. La troisi\u00e8me et derni\u00e8re campagne de fouille arch\u00e9ologique sous l&rsquo;\u00e9gide de la Direction r\u00e9gionale des affaires culturelles (Drac) Aquitaine, touche \u00e0 sa fin. Une vingtaine de fouilleurs, des \u00e9tudiants, des b\u00e9n\u00e9voles et des professionnels, sont \u00e0 pied d&rsquo;\u0153uvre six jours par semaine, malgr\u00e9 les fortes temp\u00e9ratures. Et chaque jour, au gr\u00e8s des fouilles, le site change, un mur se d\u00e9couvre, un autre dispara\u00eet sous une b\u00e2che, des objets sont sortis de terre et entrepos\u00e9s pour \u00eatre analys\u00e9s.Alain Bouet, arch\u00e9ologue en chef du projet et professeur de l&rsquo;universit\u00e9 de Toulouse, est de retour, pour dresser le bilan d&rsquo;une campagne qui s&rsquo;ach\u00e8ve demain soir : \u00ab J&rsquo;ai d\u00e9couvert ce site au fur et \u00e0 mesure, et mon int\u00e9r\u00eat est all\u00e9 en grandissant au fil des campagnes. Les d\u00e9couvertes que nous avons faites confirment que nous sommes face \u00e0 un site majeur, nous sommes dans de la \u2018\u2018 tr\u00e8s grande architecture romaine\u00a0\u00bb, il ne doit exister qu&rsquo;une dizaine de sites de cette ampleur en France. \u00bb<\/p>\n<p><strong>Questions sans r\u00e9ponses<\/strong><\/p>\n<p>Mais pourquoi ici ? Pourquoi cette agglom\u00e9ration secondaire de la cit\u00e9 romaine d&rsquo;Aginnum ( Agen ) poss\u00e9dait-elle un si gros sanctuaire, vaste de 1,4 hectare de surface ? Pourquoi trouve-t-on, une centaine de m\u00e8tres plus loin les vestiges d&rsquo;un campement militaire s\u00e9dentaire, qui par sa taille serait tout aussi exceptionnel ? L&rsquo;arch\u00e9ologue n&rsquo;a malheureusement pas toutes les r\u00e9ponses \u00e0 ces questions : \u00ab Nous avons pris du retard sur ce premier site, nous avons trouv\u00e9 beaucoup d&rsquo;\u00e9l\u00e9ments suppl\u00e9mentaires depuis les premi\u00e8res fouilles, qui ont eu lieu dans les ann\u00e9es 1980. L&rsquo;objectif cette ann\u00e9e, c&rsquo;\u00e9tait d&rsquo;avoir une meilleure compr\u00e9hension du plan du sanctuaire, nous avons d\u00e9couvert de nouveaux b\u00e2timents secondaires dans la cour, ces derni\u00e8res semaines. \u00bb Les nombreux \u00e9l\u00e9ments de marbre retrouv\u00e9s permettent d&rsquo;avancer que le d\u00e9cor \u00e9tait particuli\u00e8rement riche et soign\u00e9. Si la plupart des marbres proviennent des Pyr\u00e9n\u00e9es, quelques plaques sont issues d&rsquo;Anatolie, de Gr\u00e8ce ou encore de Tunisie.<\/p>\n<p><strong>Une nouvelle campagne ?<\/strong><\/p>\n<p>Mais Alain Bouet aimerait bien ne pas en rester l\u00e0. \u00ab J&rsquo;esp\u00e8re que nous allons pouvoir lancer une nouvelle campagne de fouilles triennale, pour aller explorer un terrain un peu plus loin, au pied de ce qui nous semble \u00eatre une tour, mais qui l\u00e0 aussi peut r\u00e9server des surprises. Nous allons faire une nouvelle demande triennale aupr\u00e8s du Service r\u00e9gional d&rsquo;arch\u00e9ologie \u00e0 Bordeaux, et rendre notre rapport pour d\u00e9cembre. \u00bb<\/p><\/blockquote>\n<\/div>\n<p>source : <a href=\"http:\/\/www.sudouest.fr\/2014\/07\/09\/ce-que-l-on-a-decouvert-en-trois-ans-de-fouilles-1609973-3603.php\" target=\"_blank\">http:\/\/www.sudouest.fr\/2014\/07\/09\/ce-que-l-on-a-decouvert-en-trois-ans-de-fouilles-1609973-3603.php<\/a><\/p>\n","protected":false},"excerpt":{"rendered":"<p>Le quotidien Sud-Ouest donne \u00e0 lire ce jour pas moins de 3 articles d\u00e9di\u00e9s aux fouilles men\u00e9es dans le Lot-et-Garonne par des arch\u00e9ologues rattach\u00e9s \u00e0 l&rsquo;Unviersit\u00e9, dont 2 sur le site de Bruch. Bruch (47) : les fouilles arch\u00e9ologiques de la n\u00e9cropole m\u00e9rovingienne en images Publi\u00e9 le 09\/07\/2014 \u00e0 09h57 , modifi\u00e9 le 09\/07\/2014 \u00e0 <span class=\"ellipsis\">&hellip;<\/span> <span class=\"more-link-wrap\"><a href=\"https:\/\/clubdubalen.fr\/blog\/archeologie-en-lot-et-garonne-antiquite-et-haut-moyen-age-a-lhonneur\/\" class=\"more-link\"><span>Read More &rarr;<\/span><\/a><\/span><\/p>\n","protected":false},"author":1,"featured_media":0,"comment_status":"open","ping_status":"open","sticky":false,"template":"","format":"standard","meta":[],"categories":[2,67,9],"tags":[],"_links":{"self":[{"href":"https:\/\/clubdubalen.fr\/blog\/wp-json\/wp\/v2\/posts\/404"}],"collection":[{"href":"https:\/\/clubdubalen.fr\/blog\/wp-json\/wp\/v2\/posts"}],"about":[{"href":"https:\/\/clubdubalen.fr\/blog\/wp-json\/wp\/v2\/types\/post"}],"author":[{"embeddable":true,"href":"https:\/\/clubdubalen.fr\/blog\/wp-json\/wp\/v2\/users\/1"}],"replies":[{"embeddable":true,"href":"https:\/\/clubdubalen.fr\/blog\/wp-json\/wp\/v2\/comments?post=404"}],"version-history":[{"count":1,"href":"https:\/\/clubdubalen.fr\/blog\/wp-json\/wp\/v2\/posts\/404\/revisions"}],"predecessor-version":[{"id":405,"href":"https:\/\/clubdubalen.fr\/blog\/wp-json\/wp\/v2\/posts\/404\/revisions\/405"}],"wp:attachment":[{"href":"https:\/\/clubdubalen.fr\/blog\/wp-json\/wp\/v2\/media?parent=404"}],"wp:term":[{"taxonomy":"category","embeddable":true,"href":"https:\/\/clubdubalen.fr\/blog\/wp-json\/wp\/v2\/categories?post=404"},{"taxonomy":"post_tag","embeddable":true,"href":"https:\/\/clubdubalen.fr\/blog\/wp-json\/wp\/v2\/tags?post=404"}],"curies":[{"name":"wp","href":"https:\/\/api.w.org\/{rel}","templated":true}]}}