{"id":355,"date":"2014-06-03T16:21:42","date_gmt":"2014-06-03T14:21:42","guid":{"rendered":"http:\/\/clubdubalen.fr\/blog\/?p=355"},"modified":"2014-06-03T21:41:16","modified_gmt":"2014-06-03T19:41:16","slug":"jna-2014-joli-programme-en-gironde","status":"publish","type":"post","link":"https:\/\/clubdubalen.fr\/blog\/jna-2014-joli-programme-en-gironde\/","title":{"rendered":"JNA 2014 : joli programme en Gironde"},"content":{"rendered":"<p>Paru ce jour dans le quotidien Sud Ouest (source : <a href=\"http:\/\/www.sudouest.fr\/2014\/06\/03\/journees-nationales-de-l-archeologie-quatres-sites-ouverts-en-gironde-1574511-2733.php\" target=\"_blank\">http:\/\/www.sudouest.fr\/2014\/06\/03\/journees-nationales-de-l-archeologie-quatres-sites-ouverts-en-gironde-1574511-2733.php<\/a>):<\/p>\n<blockquote>\n<h1 class=\"title extra-large bitter entry-title\">Journ\u00e9es nationales de l&rsquo;arch\u00e9ologie : quatre sites ouverts en Gironde<\/h1>\n<aside class=\"details\">\n<div class=\"publishing\">Publi\u00e9 <time class=\"published\" datetime=\"ISO date\"> le 03\/06\/2014 \u00e0 11h37 <\/time> , modifi\u00e9 <time class=\"updated\" datetime=\"ISO date\"> le 03\/06\/2014 \u00e0 14h35 <\/time><\/div>\n<\/aside>\n<h2 class=\"entry-summary\">On remonte le temps gr\u00e2ce aux Journ\u00e9es nationales de l&rsquo;arch\u00e9ologie. Elles se d\u00e9roulent les 6,7 et 8 juin<\/h2>\n<figure class=\"hmedia\"><img decoding=\"async\" class=\"photo\" src=\"http:\/\/images.sudouest.fr\/images\/2014\/06\/03\/l-archeopole-de-pessac-proposera-deux-animations-sur-la_1856016_800x400.jpg?v=1\" alt=\"Journ\u00e9es nationales de l'arch\u00e9ologie : quatres sites ouverts en Gironde\" \/><figcaption> <span class=\"fn\">L&rsquo;arch\u00e9op\u00f4le de Pessac proposera deux animations sur la pr\u00e9histoire<\/span> <em><em> \u00a9 Photo<\/em><\/em><\/p>\n<div class=\"contributor vcard\">\n<div class=\"fn\">archives thierry david<\/div>\n<\/div>\n<p>&nbsp;<\/p>\n<p>&nbsp;<\/p>\n<\/figcaption><\/figure>\n<div class=\"sticky social-links\" style=\"margin-top: 0px; position: fixed; top: 75px; left: 838.167px; width: 40px;\" data-sticky-container-selector=\"section.article\"><\/div>\n<\/blockquote>\n<div class=\"entry-content\">\n<blockquote><p><a href=\"http:\/\/journees-archeologie.fr\/\">Les Journ\u00e9es nationales de l&rsquo;arch\u00e9ologie<\/a> se d\u00e9roulent les 6,7 et 8 juin, quatre sites girondins participent \u00e0 l&rsquo;\u00e9v\u00e9nement.<\/p>\n<ul>\n<li><a href=\"http:\/\/www.andernoslesbains.fr\/culture-loisirs-sports\/culture\/1133-les-musees-d-andernos-les-bains.html\"><strong>Mus\u00e9e municipal d&rsquo;Andernos-les-Bains<\/strong><\/a><\/li>\n<\/ul>\n<p>D\u00e9couverte du patrimoine arch\u00e9ologique local \u00e0 travers les coulisses du mus\u00e9e. L&rsquo;exposition retrace notamment l&rsquo;histoire des fouilles arch\u00e9ologiques de la villa gallo-romaine \u00e0 travers une s\u00e9rie de photos de 1903 et des courriers \u00e9chang\u00e9s par les protagonistes des fouilles. On y trouve une partie des nombreux objets qui furent retrouv\u00e9s : poteries sigill\u00e9es, statue, bijoux, colonnes, myst\u00e9rieuse plaque de marbre grav\u00e9e\u2026<\/p>\n<p>Visite gratuite vendredi de 14 heures \u00e0 16 heures. Maison Louis-David, 14 avenue Pasteur. T\u00e9l. 05 56 82 02 95.<\/p>\n<ul>\n<li><strong>Sadirac, sites potiers<\/strong><\/li>\n<\/ul>\n<p>Circuit en v\u00e9lo des sites potiers de Sadirac : fours et maison du XVIIe au XIXe si\u00e8cles. Circuit guid\u00e9, 10 km, 2 h 30.\u00a06 \u20ac \u00e0 partir de 13 ans. D\u00e9part 15 h <a href=\"http:\/\/www.maisonpoteriesadirac.fr\/default.asp?iId=GJMLIF\">Mus\u00e9e de la Poterie de Sadirac<\/a>. Possibilit\u00e9 de louer un v\u00e9lo sur place Norbert Audoin 06.50.02.41.64.\u00a0R\u00e9servation obligatoire 05.56.23.23.00 et 05.56.30.60.03.<\/p>\n<p>Vendredi, samedi et dimanche de 15 h 30 \u00e0 17 heures.<\/p>\n<ul>\n<li><strong>Site arch\u00e9ologique et <a href=\"http:\/\/musees-aquitaine.com\/musees\/fiche_musee.php?id=55\">mus\u00e9e de Plassac<\/a><\/strong><\/li>\n<\/ul>\n<p>Pr\u00e9sentation des vestiges r\u00e9cemment restaur\u00e9s de la villa gallo-romaine de Plassac et visite virtuelle du site en 3D. Visite du mus\u00e9e ( mosa\u00efque, peintures murales, c\u00e9ramiques, monnaies,etc.).<\/p>\n<p>Vendredi, samedi et dimanche de 10 heures \u00e0 12 h 30 et de 14 heures \u00e0 18 h 30. Entr\u00e9e : 4 euros.<\/p>\n<ul>\n<li><strong>Arch\u00e9op\u00f4le d&rsquo;Aquitaine<\/strong><\/li>\n<\/ul>\n<p>Conf\u00e9rence : \u00ab\u00a0L&rsquo;importance du Sud-Ouest de la France dans l&rsquo;histoire de la pr\u00e9histoire li\u00e9es aux fossiles humains\u00a0\u00bb par Bruno Maureille, directeur de recherche au CNRS et Directeur de l&rsquo;UMR PACEA, jeudi 5 de 18 h 45 \u00e0 20 h 15. Gratuit.\u00a0Exposition \u00ab\u00a0Histoire de pr\u00e9histoire\u00a0\u00bb, tous les jours sauf le week-end, \u00e0 partir du 5 juin de 9 heures \u00e0 12 h 30 et de 14 heures \u00e0 17 h 30. Vendredi 6 juin de 9 heures \u00e0 17 h 30.\u00a0Gratuit.<\/p>\n<p>Arch\u00e9op\u00f4le d&rsquo;Aquitaine, Universit\u00e9 Montaigne, Maison de l&rsquo;Arch\u00e9ologie, 8 esplanade des Antilles, Pessac<\/p><\/blockquote>\n<p>toujours dans Sud Ouest (<a href=\"http:\/\/www.sudouest.fr\/2014\/06\/03\/l-archeologie-des-fouilles-a-l-exposition-1573980-2729.php\" target=\"_blank\">http:\/\/www.sudouest.fr\/2014\/06\/03\/l-archeologie-des-fouilles-a-l-exposition-1573980-2729.php<\/a>) :<\/p>\n<blockquote>\n<h1 class=\"title extra-large bitter entry-title\">L\u2019arch\u00e9ologie, des fouilles \u00e0 l\u2019exposition<\/h1>\n<aside class=\"details\">\n<div class=\"publishing\">Publi\u00e9 <time class=\"published\" datetime=\"ISO date\"> le 03\/06\/2014 \u00e0 06h00 <\/time> par<\/p>\n<div class=\"author vcard\"><a class=\"url fn\" href=\"http:\/\/www.sudouest.fr\/2014\/06\/03\/l-archeologie-des-fouilles-a-l-exposition-1573980-2729.php#\" rel=\"author\">Christian Esplandiu<\/a><\/div>\n<\/div>\n<\/aside>\n<h2 class=\"entry-summary\"><\/h2>\n<figure class=\"hmedia\"><img decoding=\"async\" class=\"photo\" src=\"http:\/\/images.sudouest.fr\/images\/2014\/06\/03\/1573980_5572837_800x400.jpg?v=1\" alt=\"L\u2019arch\u00e9ologie, des fouilles \u00e0 l\u2019exposition\" \/><figcaption> <span class=\"fn\">Marie-France Comte, Maud Nicolas et Roxane Meyrand pr\u00e9parent l\u2019exposition de ce week-end.<\/span> <em><em> \u00a9 Photo<\/em><\/em><\/p>\n<div class=\"contributor vcard\">\n<div class=\"fn\">Photo C. E.<\/div>\n<\/div>\n<p>&nbsp;<\/p>\n<\/figcaption><\/figure>\n<div class=\"sticky social-links\" style=\"margin-top: 0px; position: fixed; top: 75px; left: 838.167px; width: 40px;\" data-sticky-container-selector=\"section.article\"><\/div>\n<\/blockquote>\n<div class=\"entry-content\">\n<blockquote><p><span class=\"lettrine\">A<\/span>u mus\u00e9e municipal d&rsquo; Andernos-les-Bains, Maud Nicolas, responsable du mus\u00e9e, aid\u00e9e de Roxane Meyrand, en stage, sous l&rsquo;\u0153il avis\u00e9 de Marie-France Comte, \u00e9lue en charge de la culture, mettent la derni\u00e8re main \u00e0 la sc\u00e9nographie que proposera le mus\u00e9e ce week-end au public.Le mus\u00e9e d&rsquo;Andernos-les-Bains participe en effet cette ann\u00e9e aux Journ\u00e9es nationales de l&rsquo;arch\u00e9ologie, projet propos\u00e9 par le minist\u00e8re de la Culture et de la Communication et mis en \u0153uvre par l&rsquo;Institut national des recherches arch\u00e9ologiques pr\u00e9ventives (Inrap). D\u00e9clin\u00e9e dans plus de 500 lieux en France, cette manifestation a pour objectif de faire d\u00e9couvrir au grand public les diff\u00e9rentes facettes de l&rsquo;arch\u00e9ologie.<\/p>\n<p>Inventaire et recherches<\/p>\n<p>Au mus\u00e9e municipal, ce week-end, \u00e0 partir de vendredi 6 et jusqu&rsquo;au dimanche 8 juin, les visiteurs pourront d\u00e9couvrir les \u00e9tapes du travail qui r\u00e9gissent la vie du mus\u00e9e mais aussi les objets in\u00e9dits des collections.<\/p>\n<p>\u00ab Il s&rsquo;agit de pr\u00e9senter le travail de recherche et de compr\u00e9hension effectu\u00e9 autour des objets, en amont de leur exposition \u00bb, explique Maud Nicolas, \u00ab une exposition expliquera la collaboration scientifique mise en place par le mus\u00e9e avec le D\u00e9partement des recherches arch\u00e9ologiques sous-marines et l&rsquo;Institut national de recherches arch\u00e9ologiques pr\u00e9ventives \u00bb.<\/p>\n<p>Un espace sera \u00e9galement d\u00e9di\u00e9 \u00e0 la pr\u00e9sentation des r\u00e9sultats des premiers travaux de recherches sur les formes et d\u00e9cors des c\u00e9ramiques gallo-romaines et sur les r\u00e9centes d\u00e9couvertes faites autour d&rsquo;objets tr\u00e8s anciens.<\/p>\n<p>Vendredi 6 juin, de 14 heures \u00e0 16 heures, un \u00e9change sera propos\u00e9 avec le public pour pr\u00e9senter plus en d\u00e9tail les diff\u00e9rentes \u00e9tapes du travail autour des collections : comment est r\u00e9alis\u00e9 l&rsquo;inventaire des 2 300 objets, quelles recherches scientifiques sont \u00e0 mettre en \u0153uvre pour conna\u00eetre ces objets, quels sont les objectifs d&rsquo;une exposition.<\/p>\n<p>\u00c0 cette occasion, le mus\u00e9e municipal d&rsquo;Andernos-les-Bains occupera \u00e9galement la salle du premier \u00e9tage de la Maison Louis-David.<\/p>\n<p>Christian Esplandiu<\/p><\/blockquote>\n<\/div>\n<\/div>\n","protected":false},"excerpt":{"rendered":"<p>Paru ce jour dans le quotidien Sud Ouest (source : http:\/\/www.sudouest.fr\/2014\/06\/03\/journees-nationales-de-l-archeologie-quatres-sites-ouverts-en-gironde-1574511-2733.php): Journ\u00e9es nationales de l&rsquo;arch\u00e9ologie : quatre sites ouverts en Gironde Publi\u00e9 le 03\/06\/2014 \u00e0 11h37 , modifi\u00e9 le 03\/06\/2014 \u00e0 14h35 On remonte le temps gr\u00e2ce aux Journ\u00e9es nationales de l&rsquo;arch\u00e9ologie. Elles se d\u00e9roulent les 6,7 et 8 juin L&rsquo;arch\u00e9op\u00f4le de Pessac proposera deux <span class=\"ellipsis\">&hellip;<\/span> <span class=\"more-link-wrap\"><a href=\"https:\/\/clubdubalen.fr\/blog\/jna-2014-joli-programme-en-gironde\/\" class=\"more-link\"><span>Read More &rarr;<\/span><\/a><\/span><\/p>\n","protected":false},"author":1,"featured_media":0,"comment_status":"open","ping_status":"open","sticky":false,"template":"","format":"standard","meta":[],"categories":[2,67],"tags":[],"_links":{"self":[{"href":"https:\/\/clubdubalen.fr\/blog\/wp-json\/wp\/v2\/posts\/355"}],"collection":[{"href":"https:\/\/clubdubalen.fr\/blog\/wp-json\/wp\/v2\/posts"}],"about":[{"href":"https:\/\/clubdubalen.fr\/blog\/wp-json\/wp\/v2\/types\/post"}],"author":[{"embeddable":true,"href":"https:\/\/clubdubalen.fr\/blog\/wp-json\/wp\/v2\/users\/1"}],"replies":[{"embeddable":true,"href":"https:\/\/clubdubalen.fr\/blog\/wp-json\/wp\/v2\/comments?post=355"}],"version-history":[{"count":4,"href":"https:\/\/clubdubalen.fr\/blog\/wp-json\/wp\/v2\/posts\/355\/revisions"}],"predecessor-version":[{"id":359,"href":"https:\/\/clubdubalen.fr\/blog\/wp-json\/wp\/v2\/posts\/355\/revisions\/359"}],"wp:attachment":[{"href":"https:\/\/clubdubalen.fr\/blog\/wp-json\/wp\/v2\/media?parent=355"}],"wp:term":[{"taxonomy":"category","embeddable":true,"href":"https:\/\/clubdubalen.fr\/blog\/wp-json\/wp\/v2\/categories?post=355"},{"taxonomy":"post_tag","embeddable":true,"href":"https:\/\/clubdubalen.fr\/blog\/wp-json\/wp\/v2\/tags?post=355"}],"curies":[{"name":"wp","href":"https:\/\/api.w.org\/{rel}","templated":true}]}}