{"id":352,"date":"2014-05-30T14:47:41","date_gmt":"2014-05-30T12:47:41","guid":{"rendered":"http:\/\/clubdubalen.fr\/blog\/?p=352"},"modified":"2014-05-30T14:47:41","modified_gmt":"2014-05-30T12:47:41","slug":"archeologie-en-aquitaine-meridionale-rencontres-le-7-juin-a-pau","status":"publish","type":"post","link":"https:\/\/clubdubalen.fr\/blog\/archeologie-en-aquitaine-meridionale-rencontres-le-7-juin-a-pau\/","title":{"rendered":"Arch\u00e9ologie en Aquitaine m\u00e9ridionale : rencontres le 7 juin \u00e0 Pau"},"content":{"rendered":"<p>Dans le cadre des Journ\u00e9es nationales de l&rsquo;arch\u00e9ologie, les 23\u00e8mes Rencontres arch\u00e9ologiques du sud de l&rsquo;Aquitaine, organis\u00e9es par la F\u00e9d\u00e9ration arch\u00e9ologique des Pyr\u00e9n\u00e9es occidentales et des Landes et l&rsquo;Universit\u00e9 de Pau, se tiendront le samedi 7 juin prochain \u00e0 l&rsquo;Universit\u00e9 de Pau (amphi 1 de Lettres)<br \/>\nEntr\u00e9e libre et gratuite<\/p>\n<p>Programme :<br \/>\n9 h 15: accueil (caf\u00e9)<span class=\"text_exposed_show\"><br \/>\n9 h 30 : d\u00e9but des pr\u00e9sentations<br \/>\n12 h : d\u00e9jeuner \u00e0 la caf\u00e9taria du Centre Leclerc (proche). Il n&rsquo;est pas n\u00e9cessaire de r\u00e9server.<br \/>\n14 h : reprise des expos\u00e9s<br \/>\n17 h : fin de la Journ\u00e9e<\/span><\/p>\n<p><img decoding=\"async\" class=\"spotlight\" style=\"width: 813px; height: 709px;\" src=\"https:\/\/fbcdn-sphotos-e-a.akamaihd.net\/hphotos-ak-xpa1\/t1.0-9\/10343541_10202124135850553_8960092350922305771_n.jpg\" alt=\"\" \/><\/p>\n","protected":false},"excerpt":{"rendered":"<p>Dans le cadre des Journ\u00e9es nationales de l&rsquo;arch\u00e9ologie, les 23\u00e8mes Rencontres arch\u00e9ologiques du sud de l&rsquo;Aquitaine, organis\u00e9es par la F\u00e9d\u00e9ration arch\u00e9ologique des Pyr\u00e9n\u00e9es occidentales et des Landes et l&rsquo;Universit\u00e9 de Pau, se tiendront le samedi 7 juin prochain \u00e0 l&rsquo;Universit\u00e9 de Pau (amphi 1 de Lettres) Entr\u00e9e libre et gratuite Programme : 9 h 15: <span class=\"ellipsis\">&hellip;<\/span> <span class=\"more-link-wrap\"><a href=\"https:\/\/clubdubalen.fr\/blog\/archeologie-en-aquitaine-meridionale-rencontres-le-7-juin-a-pau\/\" class=\"more-link\"><span>Read More &rarr;<\/span><\/a><\/span><\/p>\n","protected":false},"author":1,"featured_media":0,"comment_status":"open","ping_status":"open","sticky":false,"template":"","format":"standard","meta":[],"categories":[2,67],"tags":[],"_links":{"self":[{"href":"https:\/\/clubdubalen.fr\/blog\/wp-json\/wp\/v2\/posts\/352"}],"collection":[{"href":"https:\/\/clubdubalen.fr\/blog\/wp-json\/wp\/v2\/posts"}],"about":[{"href":"https:\/\/clubdubalen.fr\/blog\/wp-json\/wp\/v2\/types\/post"}],"author":[{"embeddable":true,"href":"https:\/\/clubdubalen.fr\/blog\/wp-json\/wp\/v2\/users\/1"}],"replies":[{"embeddable":true,"href":"https:\/\/clubdubalen.fr\/blog\/wp-json\/wp\/v2\/comments?post=352"}],"version-history":[{"count":1,"href":"https:\/\/clubdubalen.fr\/blog\/wp-json\/wp\/v2\/posts\/352\/revisions"}],"predecessor-version":[{"id":353,"href":"https:\/\/clubdubalen.fr\/blog\/wp-json\/wp\/v2\/posts\/352\/revisions\/353"}],"wp:attachment":[{"href":"https:\/\/clubdubalen.fr\/blog\/wp-json\/wp\/v2\/media?parent=352"}],"wp:term":[{"taxonomy":"category","embeddable":true,"href":"https:\/\/clubdubalen.fr\/blog\/wp-json\/wp\/v2\/categories?post=352"},{"taxonomy":"post_tag","embeddable":true,"href":"https:\/\/clubdubalen.fr\/blog\/wp-json\/wp\/v2\/tags?post=352"}],"curies":[{"name":"wp","href":"https:\/\/api.w.org\/{rel}","templated":true}]}}