{"id":350,"date":"2014-05-30T14:45:55","date_gmt":"2014-05-30T12:45:55","guid":{"rendered":"http:\/\/clubdubalen.fr\/blog\/?p=350"},"modified":"2014-05-30T14:45:55","modified_gmt":"2014-05-30T12:45:55","slug":"la-societe-de-borda-en-sortie-a-contis-le-14-juin","status":"publish","type":"post","link":"https:\/\/clubdubalen.fr\/blog\/la-societe-de-borda-en-sortie-a-contis-le-14-juin\/","title":{"rendered":"La Soci\u00e9t\u00e9 de Borda en sortie \u00e0 Contis le 14 juin"},"content":{"rendered":"<p>La prochaine r\u00e9union de la Soci\u00e9t\u00e9 de Borda aura lieu le <strong>Samedi 14 juin 2014, \u00e0 CONTIS<\/strong> dans la salle de cin\u00e9ma.<\/p>\n<p>Programme :<\/p>\n<p>10 h &#8211; Communications :<br \/>\n_ Gilles GRANEREAU : Temp\u00eates et \u00e9rosion marine en Marensin : des ph\u00e9nom\u00e8nes in\u00e9dits ou r\u00e9currents.<br \/>\n_ Pierre LAFORIE : De la dune littorale au canal des Landes : Jean-S\u00e9bastien Goury, un grand ing\u00e9nieur m\u00e9connu.<span class=\"text_exposed_show\"><br \/>\n_ Jean-Jacques TAILLENTOU : S\u00e9curisation du littoral landais au XIXe si\u00e8cle : du douanier au phare de Contis.<\/span><\/p>\n<div class=\"text_exposed_show\">\n<p>Repas : 15 euros, ch\u00e8que \u00e0 l\u2019ordre du restaurant \u00ab Chez Dan \u00bb (pr\u00e8s de la salle de cin\u00e9ma)<br \/>\n\u00e0 envoyer \u00e0 Pierre Laforie, 127 all\u00e9e des cigales, 40560, Vielle-Saint-Girons.<\/p>\n<p>14 h 30 &#8211; Promenade-d\u00e9couverte \u00ab entre oc\u00e9ans, dunes, et phare \u00bb.<\/p>\n<p>Comme on peut s&rsquo;en rendre compte, il s&rsquo;agit d&rsquo;une programmation \u00f4 combien d&rsquo;actualit\u00e9 apr\u00e8s les d\u00e9g\u00e2ts occasionn\u00e9s cet hiver par les nombreuses temp\u00eates sur le rivage aquitain. Comme toujours, les intervenants, loin des remarques subjectives et passionnelles caract\u00e9ristiques du discours journalistique, offriront une vision objective, document\u00e9e et contextualis\u00e9e du ph\u00e9nom\u00e8ne. L&rsquo;ajout d&rsquo;une promenade digestive est une tr\u00e8s bonne id\u00e9e!<\/p>\n<p><strong>N&rsquo;oubliez pas, si ce n&rsquo;est d\u00e9j\u00e0 fait, d&rsquo;adh\u00e9rer \u00e0 la soci\u00e9t\u00e9 savante, vous ne le regretterez pas : <a href=\"http:\/\/www.societe-borda.com\/\" target=\"_blank\">http:\/\/www.societe-borda.com\/<\/a><\/strong><\/p>\n<\/div>\n","protected":false},"excerpt":{"rendered":"<p>La prochaine r\u00e9union de la Soci\u00e9t\u00e9 de Borda aura lieu le Samedi 14 juin 2014, \u00e0 CONTIS dans la salle de cin\u00e9ma. Programme : 10 h &#8211; Communications : _ Gilles GRANEREAU : Temp\u00eates et \u00e9rosion marine en Marensin : des ph\u00e9nom\u00e8nes in\u00e9dits ou r\u00e9currents. _ Pierre LAFORIE : De la dune littorale au canal <span class=\"ellipsis\">&hellip;<\/span> <span class=\"more-link-wrap\"><a href=\"https:\/\/clubdubalen.fr\/blog\/la-societe-de-borda-en-sortie-a-contis-le-14-juin\/\" class=\"more-link\"><span>Read More &rarr;<\/span><\/a><\/span><\/p>\n","protected":false},"author":1,"featured_media":0,"comment_status":"open","ping_status":"open","sticky":false,"template":"","format":"standard","meta":[],"categories":[2,67],"tags":[],"_links":{"self":[{"href":"https:\/\/clubdubalen.fr\/blog\/wp-json\/wp\/v2\/posts\/350"}],"collection":[{"href":"https:\/\/clubdubalen.fr\/blog\/wp-json\/wp\/v2\/posts"}],"about":[{"href":"https:\/\/clubdubalen.fr\/blog\/wp-json\/wp\/v2\/types\/post"}],"author":[{"embeddable":true,"href":"https:\/\/clubdubalen.fr\/blog\/wp-json\/wp\/v2\/users\/1"}],"replies":[{"embeddable":true,"href":"https:\/\/clubdubalen.fr\/blog\/wp-json\/wp\/v2\/comments?post=350"}],"version-history":[{"count":1,"href":"https:\/\/clubdubalen.fr\/blog\/wp-json\/wp\/v2\/posts\/350\/revisions"}],"predecessor-version":[{"id":351,"href":"https:\/\/clubdubalen.fr\/blog\/wp-json\/wp\/v2\/posts\/350\/revisions\/351"}],"wp:attachment":[{"href":"https:\/\/clubdubalen.fr\/blog\/wp-json\/wp\/v2\/media?parent=350"}],"wp:term":[{"taxonomy":"category","embeddable":true,"href":"https:\/\/clubdubalen.fr\/blog\/wp-json\/wp\/v2\/categories?post=350"},{"taxonomy":"post_tag","embeddable":true,"href":"https:\/\/clubdubalen.fr\/blog\/wp-json\/wp\/v2\/tags?post=350"}],"curies":[{"name":"wp","href":"https:\/\/api.w.org\/{rel}","templated":true}]}}