{"id":347,"date":"2014-05-28T14:07:16","date_gmt":"2014-05-28T12:07:16","guid":{"rendered":"http:\/\/clubdubalen.fr\/blog\/?p=347"},"modified":"2014-05-28T14:07:16","modified_gmt":"2014-05-28T12:07:16","slug":"luniversite-populaire-du-pays-basque-uppb-et-larcheologie","status":"publish","type":"post","link":"https:\/\/clubdubalen.fr\/blog\/luniversite-populaire-du-pays-basque-uppb-et-larcheologie\/","title":{"rendered":"L&rsquo;Universit\u00e9 populaire du Pays basque (UPPB) et l&rsquo;arch\u00e9ologie"},"content":{"rendered":"<p>Article paru ce jour dans le quotidien Sud Ouest (source : )<\/p>\n<blockquote>\n<h1 class=\"title extra-large bitter entry-title\">La derni\u00e8re pour les \u00ab caf\u00e9s-arch\u00e9o \u00bb<\/h1>\n<aside class=\"details\">\n<div class=\"publishing\">Publi\u00e9 <time class=\"published\" datetime=\"ISO date\"> le 28\/05\/2014 \u00e0 06h00 <\/time> par<\/p>\n<div class=\"author vcard\"><a class=\"url fn\" href=\"http:\/\/www.sudouest.fr\/2014\/05\/28\/la-derniere-pour-les-cafes-archeo-1568432-4377.php#\" rel=\"author\">Xabi<\/a><\/div>\n<\/div>\n<\/aside>\n<h2 class=\"entry-summary\"><\/h2>\n<figure class=\"hmedia\"><img decoding=\"async\" class=\"photo\" src=\"http:\/\/images.sudouest.fr\/images\/2014\/05\/28\/1568432_5510561_800x400.jpg?v=1\" alt=\"La derni\u00e8re pour les \u00ab caf\u00e9s-arch\u00e9o \u00bb\" \/><figcaption> <span class=\"fn\">Le bureau de l\u2019UPPB a \u00e9t\u00e9 reconduit samedi 24 mai.<\/span> <em><em> \u00a9 Photo<\/em><\/em><\/p>\n<div class=\"contributor vcard\">\n<div class=\"fn\">Photo DR<\/div>\n<\/div>\n<\/figcaption><\/figure>\n<div class=\"sticky social-links\" style=\"margin-top: 0px; position: relative; top: auto; left: auto; width: auto;\" data-sticky-container-selector=\"section.article\"><\/div>\n<\/blockquote>\n<div class=\"entry-content\">\n<blockquote><p><span class=\"lettrine\">L<\/span>e dernier des quatre \u00ab caf\u00e9s-arch\u00e9o \u00bb, organis\u00e9 par l&rsquo;Universit\u00e9 populaire du Pays basque (UPPB) avait lieu samedi dernier. Ces ateliers-d\u00e9bats, anim\u00e9s par l&rsquo;arch\u00e9ologue de Baigorri, Pablo Marticorena, ont connu un joli succ\u00e8s.Fid\u00e8le \u00e0 son objectif d&rsquo;\u00e9ducation populaire, l&rsquo;UPPB a pu ainsi mettre \u00e0 disposition du public un savoir accessible sur l&rsquo;\u00e9volution de l&rsquo;Homme, la Pr\u00e9histoire ou les d\u00e9buts de l&rsquo;agriculture dans la r\u00e9gion. En pr\u00e9lude, l&rsquo;UPPB a tenu son assembl\u00e9e g\u00e9n\u00e9rale, en pr\u00e9sence notamment d&rsquo;Antton Curutcharry, adjoint au maire en charge des associations.<\/p>\n<p>Le regard riv\u00e9 vers l&rsquo;avenir<\/p>\n<p>Il a \u00e9t\u00e9 soulign\u00e9 que l&rsquo;objectif de cette universit\u00e9 restait la transmission des savoirs au travers de conf\u00e9rences, d\u00e9bats ou sorties sur le terrain. L&rsquo;association s&rsquo;int\u00e9resse ainsi beaucoup \u00e0 l&rsquo;Histoire mais veut \u00e9galement offrir un espace de r\u00e9flexion sur des questions d&rsquo;actualit\u00e9. Apr\u00e8s avoir \u00e9voqu\u00e9 le bilan de l&rsquo;ann\u00e9e, les membres du bureau ont \u00e9voqu\u00e9 les orientations futures, en particulier la publication d&rsquo;ouvrages de vulgarisation en partenariat avec les \u00e9ditions ZTK de Baigorri. Le bureau a ainsi \u00e9t\u00e9 reconduit avec comme pr\u00e9sident, Ximun Larre, comme secr\u00e9taire, Jo\u00ebl Sansberro, et comme tr\u00e9sorier, Bruno Larroque.<\/p>\n<p>Xabi<\/p><\/blockquote>\n<\/div>\n","protected":false},"excerpt":{"rendered":"<p>Article paru ce jour dans le quotidien Sud Ouest (source : ) La derni\u00e8re pour les \u00ab caf\u00e9s-arch\u00e9o \u00bb Publi\u00e9 le 28\/05\/2014 \u00e0 06h00 par Xabi Le bureau de l\u2019UPPB a \u00e9t\u00e9 reconduit samedi 24 mai. \u00a9 Photo Photo DR Le dernier des quatre \u00ab caf\u00e9s-arch\u00e9o \u00bb, organis\u00e9 par l&rsquo;Universit\u00e9 populaire du Pays basque (UPPB) <span class=\"ellipsis\">&hellip;<\/span> <span class=\"more-link-wrap\"><a href=\"https:\/\/clubdubalen.fr\/blog\/luniversite-populaire-du-pays-basque-uppb-et-larcheologie\/\" class=\"more-link\"><span>Read More &rarr;<\/span><\/a><\/span><\/p>\n","protected":false},"author":1,"featured_media":0,"comment_status":"open","ping_status":"open","sticky":false,"template":"","format":"standard","meta":[],"categories":[67],"tags":[],"_links":{"self":[{"href":"https:\/\/clubdubalen.fr\/blog\/wp-json\/wp\/v2\/posts\/347"}],"collection":[{"href":"https:\/\/clubdubalen.fr\/blog\/wp-json\/wp\/v2\/posts"}],"about":[{"href":"https:\/\/clubdubalen.fr\/blog\/wp-json\/wp\/v2\/types\/post"}],"author":[{"embeddable":true,"href":"https:\/\/clubdubalen.fr\/blog\/wp-json\/wp\/v2\/users\/1"}],"replies":[{"embeddable":true,"href":"https:\/\/clubdubalen.fr\/blog\/wp-json\/wp\/v2\/comments?post=347"}],"version-history":[{"count":1,"href":"https:\/\/clubdubalen.fr\/blog\/wp-json\/wp\/v2\/posts\/347\/revisions"}],"predecessor-version":[{"id":348,"href":"https:\/\/clubdubalen.fr\/blog\/wp-json\/wp\/v2\/posts\/347\/revisions\/348"}],"wp:attachment":[{"href":"https:\/\/clubdubalen.fr\/blog\/wp-json\/wp\/v2\/media?parent=347"}],"wp:term":[{"taxonomy":"category","embeddable":true,"href":"https:\/\/clubdubalen.fr\/blog\/wp-json\/wp\/v2\/categories?post=347"},{"taxonomy":"post_tag","embeddable":true,"href":"https:\/\/clubdubalen.fr\/blog\/wp-json\/wp\/v2\/tags?post=347"}],"curies":[{"name":"wp","href":"https:\/\/api.w.org\/{rel}","templated":true}]}}