{"id":328,"date":"2014-05-12T14:41:46","date_gmt":"2014-05-12T12:41:46","guid":{"rendered":"http:\/\/clubdubalen.fr\/blog\/?p=328"},"modified":"2014-05-12T14:41:46","modified_gmt":"2014-05-12T12:41:46","slug":"nuit-des-musees-a-claracq","status":"publish","type":"post","link":"https:\/\/clubdubalen.fr\/blog\/nuit-des-musees-a-claracq\/","title":{"rendered":"Nuit des mus\u00e9es \u00e0 Claracq"},"content":{"rendered":"<p class=\"yiv2623993852MsoNormal\">Voici le programme particuli\u00e8rement attrayant de la nuit des Mus\u00e9es \u00e0 Claracq (64) re\u00e7u dans notre bo\u00eete mail :<\/p>\n<p class=\"yiv2623993852MsoNormal\">\n<blockquote>\n<p id=\"yui_3_16_0_1_1399897466053_2649\" class=\"yiv2623993852MsoNormal\"><b id=\"yui_3_16_0_1_1399897466053_2771\"><span id=\"yui_3_16_0_1_1399897466053_2770\" style=\"color: #000000;\"><span id=\"yui_3_16_0_1_1399897466053_2769\" style=\"font-size: medium;\">Samedi 17 mai, le Mus\u00e9e gallo-romain de Claracq participe \u00e0 la 10\u00e8me \u00e9dition de la Nuit des Mus\u00e9es!<\/span><\/span><\/b> <span id=\"yui_3_16_0_1_1399897466053_2648\" style=\"color: gray;\"><span id=\"yui_3_16_0_1_1399897466053_2647\" style=\"color: #000000;\"><\/span><\/span><\/p>\n<p class=\"yiv2623993852MsoNormal\"><span id=\"yui_3_16_0_1_1399897466053_2648\" style=\"color: gray;\"><span id=\"yui_3_16_0_1_1399897466053_2647\" style=\"color: #000000;\"><br \/>\nNous vous proposons <span style=\"font-family: Arial;\">u<\/span>ne soir\u00e9e d\u00e9couverte qui m\u00ealera gastronomie locale, contes et musique.<\/span><\/span><span id=\"yui_3_16_0_1_1399897466053_2768\" style=\"color: gray;\"><span id=\"yui_3_16_0_1_1399897466053_2767\" style=\"color: #000000;\"><br \/>\nProfitez de cette occasion pour partir \u00e0 la d\u00e9couverte du B\u00e9arn antique en prenant le temps d&rsquo;une visite au mus\u00e9e.<\/span><\/span><\/p>\n<\/blockquote>\n<div id=\"yui_3_16_0_1_1399897466053_2650\" class=\"yiv2623993852WordSection1\">\n<blockquote>\n<p id=\"yui_3_16_0_1_1399897466053_2663\" class=\"yiv2623993852MsoNormal\"><span id=\"yui_3_16_0_1_1399897466053_2662\" style=\"color: gray;\"><span id=\"yui_3_16_0_1_1399897466053_2661\" style=\"color: #000000;\">Entre la d\u00e9gustation de produits locaux et\u00a0le concert, d\u00e9couvrez les collections du mus\u00e9e, les mosa\u00efques de la villa-gallo romaine et la reconstitution en 3D.<\/span><\/span><\/p>\n<p id=\"yui_3_16_0_1_1399897466053_2765\" class=\"yiv2623993852MsoNormal\"><b id=\"yui_3_16_0_1_1399897466053_2764\"><span id=\"yui_3_16_0_1_1399897466053_2763\" style=\"color: gray;\"><span id=\"yui_3_16_0_1_1399897466053_2762\" style=\"color: #000000;\">Programme : <\/span><\/span><\/b><\/p>\n<p id=\"yui_3_16_0_1_1399897466053_2664\" class=\"yiv2623993852MsoNormal\"><span id=\"yui_3_16_0_1_1399897466053_2761\" style=\"color: gray;\"><span id=\"yui_3_16_0_1_1399897466053_2760\" style=\"color: #000000;\">18h-19h : atelier fresquepour les enfants (sur r\u00e9servation)<\/span><\/span><\/p>\n<p id=\"yui_3_16_0_1_1399897466053_2759\" class=\"yiv2623993852MsoNormal\"><span id=\"yui_3_16_0_1_1399897466053_2758\" style=\"color: gray;\"><span id=\"yui_3_16_0_1_1399897466053_2757\" style=\"color: #000000;\">19h-19h30 : contes &#8211; Serge Mauhourat<\/span><\/span><\/p>\n<p id=\"yui_3_16_0_1_1399897466053_2665\" class=\"yiv2623993852MsoNormal\"><span id=\"yui_3_16_0_1_1399897466053_2756\" style=\"color: gray;\"><span id=\"yui_3_16_0_1_1399897466053_2755\" style=\"color: #000000;\">18h-21h : march\u00e9 de producteurs &#8211; restauration<\/span><\/span><\/p>\n<p class=\"yiv2623993852MsoNormal\"><span style=\"color: gray;\"><span style=\"color: #000000;\">21h-21h30 : contes &#8211; Serge Mauhourat<\/span><\/span><\/p>\n<p id=\"yui_3_16_0_1_1399897466053_2668\" class=\"yiv2623993852MsoNormal\"><span id=\"yui_3_16_0_1_1399897466053_2667\" style=\"color: gray;\"><span id=\"yui_3_16_0_1_1399897466053_2666\" style=\"color: #000000;\">21h30 : quatuor de guitares &#8211; classe d&rsquo;Olivier Kl\u00e9ber &#8211; Ecole de musique des Luys en B\u00e9arn<\/p>\n<p>18h-23h : exposition \u00ab\u00a0Bonne cuisine, Bon vin\u00a0\u00bb &#8211; Association Aluca, la Bo\u00eete \u00e0 Culture. <\/span><\/span><\/p>\n<p id=\"yui_3_16_0_1_1399897466053_2669\" class=\"yiv2623993852MsoNormal\"><span style=\"color: gray;\"><span style=\"color: #000000;\"><br \/>\nAnimations gratuites!<\/p>\n<p>Renseignements et inscriptions : <\/span><\/span><span id=\"yui_3_16_0_1_1399897466053_2740\" style=\"color: gray;\"><span id=\"yui_3_16_0_1_1399897466053_2739\" style=\"color: #000000;\">09.76.13.86.69 \/ <\/span><a href=\"mailto:musee@cclb64.fr\" target=\"_blank\" rel=\"nofollow\"><span style=\"color: #000000;\">musee@cclb64.fr<\/span><\/a><\/span><span id=\"yui_3_16_0_1_1399897466053_2743\" style=\"color: gray;\"><a id=\"yui_3_16_0_1_1399897466053_2742\" href=\"http:\/\/www.villa-gallo-romaine-de-lalonquette.fr\/\" target=\"_blank\" rel=\"nofollow\"><span id=\"yui_3_16_0_1_1399897466053_2741\" style=\"color: #000000;\"><br \/>\nhttp:\/\/www.villa-gallo-romaine-de-lalonquette.fr<\/span><\/a><\/span><\/p>\n<p id=\"yui_3_16_0_1_1399897466053_2744\" class=\"yiv2623993852MsoNormal\"><span style=\"color: gray;\"><span style=\"color: #000000;\"><br \/>\nMus\u00e9e gallo-romain<br \/>\nRoute du ch\u00e2teau, 64 330 &#8211; CLARACQ<\/span><\/span><\/p>\n<\/blockquote>\n<\/div>\n","protected":false},"excerpt":{"rendered":"<p>Voici le programme particuli\u00e8rement attrayant de la nuit des Mus\u00e9es \u00e0 Claracq (64) re\u00e7u dans notre bo\u00eete mail : Samedi 17 mai, le Mus\u00e9e gallo-romain de Claracq participe \u00e0 la 10\u00e8me \u00e9dition de la Nuit des Mus\u00e9es! Nous vous proposons une soir\u00e9e d\u00e9couverte qui m\u00ealera gastronomie locale, contes et musique. Profitez de cette occasion pour <span class=\"ellipsis\">&hellip;<\/span> <span class=\"more-link-wrap\"><a href=\"https:\/\/clubdubalen.fr\/blog\/nuit-des-musees-a-claracq\/\" class=\"more-link\"><span>Read More &rarr;<\/span><\/a><\/span><\/p>\n","protected":false},"author":1,"featured_media":0,"comment_status":"open","ping_status":"open","sticky":false,"template":"","format":"standard","meta":[],"categories":[2,67],"tags":[],"_links":{"self":[{"href":"https:\/\/clubdubalen.fr\/blog\/wp-json\/wp\/v2\/posts\/328"}],"collection":[{"href":"https:\/\/clubdubalen.fr\/blog\/wp-json\/wp\/v2\/posts"}],"about":[{"href":"https:\/\/clubdubalen.fr\/blog\/wp-json\/wp\/v2\/types\/post"}],"author":[{"embeddable":true,"href":"https:\/\/clubdubalen.fr\/blog\/wp-json\/wp\/v2\/users\/1"}],"replies":[{"embeddable":true,"href":"https:\/\/clubdubalen.fr\/blog\/wp-json\/wp\/v2\/comments?post=328"}],"version-history":[{"count":1,"href":"https:\/\/clubdubalen.fr\/blog\/wp-json\/wp\/v2\/posts\/328\/revisions"}],"predecessor-version":[{"id":329,"href":"https:\/\/clubdubalen.fr\/blog\/wp-json\/wp\/v2\/posts\/328\/revisions\/329"}],"wp:attachment":[{"href":"https:\/\/clubdubalen.fr\/blog\/wp-json\/wp\/v2\/media?parent=328"}],"wp:term":[{"taxonomy":"category","embeddable":true,"href":"https:\/\/clubdubalen.fr\/blog\/wp-json\/wp\/v2\/categories?post=328"},{"taxonomy":"post_tag","embeddable":true,"href":"https:\/\/clubdubalen.fr\/blog\/wp-json\/wp\/v2\/tags?post=328"}],"curies":[{"name":"wp","href":"https:\/\/api.w.org\/{rel}","templated":true}]}}