{"id":318,"date":"2014-04-29T14:20:17","date_gmt":"2014-04-29T12:20:17","guid":{"rendered":"http:\/\/clubdubalen.fr\/blog\/?p=318"},"modified":"2014-04-29T14:21:23","modified_gmt":"2014-04-29T12:21:23","slug":"du-nouveau-au-pole-archeologique-elusa-seviac-32","status":"publish","type":"post","link":"https:\/\/clubdubalen.fr\/blog\/du-nouveau-au-pole-archeologique-elusa-seviac-32\/","title":{"rendered":"Du nouveau au P\u00f4le Arch\u00e9ologique Elusa-S\u00e9viac (32)."},"content":{"rendered":"<p>Du nouveau au P\u00f4le Arch\u00e9ologique Elusa-S\u00e9viac (32). Article paru ce jour dans le quotidien Sud-Ouest (source : <a href=\"http:\/\/www.sudouest.fr\/2014\/04\/29\/michel-laffargue-est-a-la-tete-du-pole-archeologique-1538851-2530.php\" target=\"_blank\">http:\/\/www.sudouest.fr\/2014\/04\/29\/michel-laffargue-est-a-la-tete-du-pole-archeologique-1538851-2530.php<\/a>)<\/p>\n<blockquote>\n<h1 class=\"title extra-large bitter entry-title\">Michel Laffargue est \u00e0 la t\u00eate du P\u00f4le arch\u00e9ologique<\/h1>\n<aside class=\"details\">\n<div class=\"publishing\">Publi\u00e9 <time class=\"published\" datetime=\"ISO date\"> le 29\/04\/2014 \u00e0 06h00 <\/time> par<\/p>\n<div class=\"author vcard\"><a class=\"url fn\" href=\"http:\/\/www.sudouest.fr\/2014\/04\/29\/michel-laffargue-est-a-la-tete-du-pole-archeologique-1538851-2530.php#\" rel=\"author\">Henri Portes<\/a><\/div>\n<\/div>\n<\/aside>\n<h2 class=\"entry-summary\"><\/h2>\n<figure class=\"hmedia\"><img decoding=\"async\" class=\"photo\" src=\"http:\/\/images.sudouest.fr\/images\/2014\/04\/29\/1538851_5164006_800x400.jpg?v=1\" alt=\"Michel Laffargue est \u00e0 la t\u00eate du P\u00f4le arch\u00e9ologique\" \/><figcaption> <span class=\"fn\">Michel Laffargue esp\u00e8re \u00eatre \u00e0 la hauteur des attentes de tous.<\/span> <em><em> \u00a9 Photo<\/em><\/em><\/p>\n<div class=\"contributor vcard\">\n<div class=\"fn\">Photo H. P.<\/div>\n<\/div>\n<p>&nbsp;<\/p>\n<p>&nbsp;<\/p>\n<\/figcaption><\/figure>\n<\/blockquote>\n<div class=\"entry-content\">\n<blockquote><p><span class=\"lettrine\">J<\/span>eudi soir dernier, \u00e0 l&rsquo;issue d&rsquo;une r\u00e9union de travail qui r\u00e9unissait les membres du syndicat intercommunal \u00e0 vocation unique (Sivu) du P\u00f4le arch\u00e9ologique Elusa-S\u00e9viac, le nouveau pr\u00e9sident, Michel Laffargue, a tout d&rsquo;abord tenu \u00e0 remercier les membres du pr\u00e9c\u00e9dent conseil syndical du P\u00f4le Arch\u00e9ologique et plus particuli\u00e8rement son pr\u00e9sident, Christophe Azanza.\u00ab Christophe a su cr\u00e9er une coh\u00e9sion entre les d\u00e9l\u00e9gu\u00e9s des deux communes pour harmoniser le fonctionnement des trois sites gallo-romains. Cela n&rsquo;\u00e9tait pas acquis d&rsquo;avance. Les multiples r\u00e9unions nous ont permis d&rsquo;\u00e9laborer les projets du p\u00f4le, de finaliser la couverture de l&rsquo;aile thermale \u00e0 S\u00e9viac, celle de la Domus et le Centre d&rsquo;interpr\u00e9tation \u00e0 l&rsquo;ancienne gare d&rsquo;Eauze. Par ailleurs, le projet de couverture de la villa de S\u00e9viac et de restauration d&rsquo;une partie des pavements mosa\u00efques a \u00e9t\u00e9 valid\u00e9. \u00bbLes projets du P\u00f4leApr\u00e8s avoir remerci\u00e9 les \u00e9lecteurs du Sivu, qui lui ont accord\u00e9 leur confiance en l&rsquo;\u00e9lisant pr\u00e9sident, Michel Laffargue a abord\u00e9 les projets du P\u00f4le arch\u00e9ologique : \u00ab Ils sont une chance et un atout majeur pour l&rsquo;\u00e9conomie et l&rsquo;attractivit\u00e9 de notre territoire. Les r\u00e9ussir, c&rsquo;est r\u00e9ussir le d\u00e9veloppement \u00e9conomique de notre r\u00e9gion de l&rsquo;Armagnac. Nous devons tous nous mobiliser pour y parvenir. Dor\u00e9navant, nous serons une \u00e9quipe de douze d\u00e9l\u00e9gu\u00e9s issus des deux Conseils municipaux d&rsquo;Eauze et de Montr\u00e9al. Ensemble, nous avons des partenaires solides, qui sont l&rsquo;\u00c9tat avec la Drac, l&rsquo;Union europ\u00e9enne, la R\u00e9gion, le D\u00e9partement et le Pays d&rsquo;Armagnac, ainsi que les futurs m\u00e9c\u00e8nes et surtout les Armagnacais, tous des ambassadeurs potentiels des trois sites du P\u00f4le, qui comprend la Villa de S\u00e9viac, la Domus et le Mus\u00e9e d&rsquo;Eauze. \u00bb<\/p>\n<p>Henri Portes<\/p><\/blockquote>\n<\/div>\n","protected":false},"excerpt":{"rendered":"<p>Du nouveau au P\u00f4le Arch\u00e9ologique Elusa-S\u00e9viac (32). Article paru ce jour dans le quotidien Sud-Ouest (source : http:\/\/www.sudouest.fr\/2014\/04\/29\/michel-laffargue-est-a-la-tete-du-pole-archeologique-1538851-2530.php) Michel Laffargue est \u00e0 la t\u00eate du P\u00f4le arch\u00e9ologique Publi\u00e9 le 29\/04\/2014 \u00e0 06h00 par Henri Portes Michel Laffargue esp\u00e8re \u00eatre \u00e0 la hauteur des attentes de tous. \u00a9 Photo Photo H. P. &nbsp; &nbsp; Jeudi soir <span class=\"ellipsis\">&hellip;<\/span> <span class=\"more-link-wrap\"><a href=\"https:\/\/clubdubalen.fr\/blog\/du-nouveau-au-pole-archeologique-elusa-seviac-32\/\" class=\"more-link\"><span>Read More &rarr;<\/span><\/a><\/span><\/p>\n","protected":false},"author":1,"featured_media":0,"comment_status":"open","ping_status":"open","sticky":false,"template":"","format":"standard","meta":[],"categories":[2,67],"tags":[],"_links":{"self":[{"href":"https:\/\/clubdubalen.fr\/blog\/wp-json\/wp\/v2\/posts\/318"}],"collection":[{"href":"https:\/\/clubdubalen.fr\/blog\/wp-json\/wp\/v2\/posts"}],"about":[{"href":"https:\/\/clubdubalen.fr\/blog\/wp-json\/wp\/v2\/types\/post"}],"author":[{"embeddable":true,"href":"https:\/\/clubdubalen.fr\/blog\/wp-json\/wp\/v2\/users\/1"}],"replies":[{"embeddable":true,"href":"https:\/\/clubdubalen.fr\/blog\/wp-json\/wp\/v2\/comments?post=318"}],"version-history":[{"count":3,"href":"https:\/\/clubdubalen.fr\/blog\/wp-json\/wp\/v2\/posts\/318\/revisions"}],"predecessor-version":[{"id":321,"href":"https:\/\/clubdubalen.fr\/blog\/wp-json\/wp\/v2\/posts\/318\/revisions\/321"}],"wp:attachment":[{"href":"https:\/\/clubdubalen.fr\/blog\/wp-json\/wp\/v2\/media?parent=318"}],"wp:term":[{"taxonomy":"category","embeddable":true,"href":"https:\/\/clubdubalen.fr\/blog\/wp-json\/wp\/v2\/categories?post=318"},{"taxonomy":"post_tag","embeddable":true,"href":"https:\/\/clubdubalen.fr\/blog\/wp-json\/wp\/v2\/tags?post=318"}],"curies":[{"name":"wp","href":"https:\/\/api.w.org\/{rel}","templated":true}]}}