{"id":316,"date":"2014-04-28T16:00:33","date_gmt":"2014-04-28T14:00:33","guid":{"rendered":"http:\/\/clubdubalen.fr\/blog\/?p=316"},"modified":"2014-04-29T14:22:17","modified_gmt":"2014-04-29T12:22:17","slug":"archeologie-au-musee-de-guethary-64","status":"publish","type":"post","link":"https:\/\/clubdubalen.fr\/blog\/archeologie-au-musee-de-guethary-64\/","title":{"rendered":"Arch\u00e9ologie au mus\u00e9e de Gu\u00e9thary (64)"},"content":{"rendered":"<p>Le mus\u00e9e de Gu\u00e9tary \u00e9volue vers un mus\u00e9e arch\u00e9ologique. Et c&rsquo;est tant mieux! Le Patrimoine arch\u00e9ologique basque le m\u00e9rite. Le quotidien Sud Ouest s&rsquo;en fait l&rsquo;\u00e9cho aujourd&rsquo;hui (source : <a href=\"http:\/\/www.sudouest.fr\/2014\/04\/28\/250-pieces-gallo-romaines-au-musee-1538277-4160.php\" target=\"_blank\">http:\/\/www.sudouest.fr\/2014\/04\/28\/250-pieces-gallo-romaines-au-musee-1538277-4160.php<\/a>) Il serait int\u00e9ressant que les Pyr\u00e9n\u00e9es-Atlantiques b\u00e9n\u00e9ficient dans les ann\u00e9es \u00e0 venir de deux structures mus\u00e9ales pr\u00e9sentant les grandes \u00e9tapes du peuplement de la zone pyr\u00e9n\u00e9enne occidentale, l&rsquo;une \u00e0 Gu\u00e9thary pour la partie basque, l&rsquo;autre \u00e0 Arudy pour la partie b\u00e9arnaise. Et il y aurait de la mati\u00e8re et pour l&rsquo;une et pour l&rsquo;autre.<\/p>\n<div class=\"page-wrapper drawer-content\">Aper\u00e7u de l&rsquo;article :<\/p>\n<div id=\"page\">\n<article class=\"hentry\">\n<blockquote>\n<h1 class=\"title extra-large bitter entry-title\">250 pi\u00e8ces gallo-romaines au Mus\u00e9e<\/h1>\n<aside class=\"details\">\n<div class=\"publishing\">Publi\u00e9 <time class=\"published\" datetime=\"ISO date\"> le 28\/04\/2014 \u00e0 06h00 <\/time> par<\/p>\n<div class=\"author vcard\"><a class=\"url fn\" href=\"http:\/\/www.sudouest.fr\/2014\/04\/28\/250-pieces-gallo-romaines-au-musee-1538277-4160.php#\" rel=\"author\">Ghislaine Castillon <\/a><\/div>\n<\/div>\n<\/aside>\n<\/blockquote>\n<div class=\"container grid-g\">\n<div class=\"grid-u-2-3\">\n<section class=\"article \">\n<blockquote>\n<h2 class=\"entry-summary\">L\u2019\u00e9tablissement organise une journ\u00e9e portes ouvertes, le 4 mai, pour pr\u00e9senter sa nouvelle salle d\u00e9di\u00e9e aux d\u00e9couvertes des fouilles de 1984 et 2009.<\/h2>\n<figure class=\"hmedia\"><img decoding=\"async\" class=\"photo\" src=\"http:\/\/images.sudouest.fr\/images\/2014\/04\/28\/1538277_5151620_800x400.jpg?v=1\" alt=\"250 pi\u00e8ces gallo-romaines au Mus\u00e9e\" \/><figcaption> <span class=\"fn\">La mise en place de l\u2019amphore, par une entreprise de Pampelune sp\u00e9cialis\u00e9e dans l\u2019installation mus\u00e9ographique, devant une carte \u00e0 l\u2019\u00e9poque romaine du Pays basque.<\/span> <em><em> \u00a9 Photo<\/em><\/em><\/p>\n<div class=\"contributor vcard\">\n<div class=\"fn\">Photo G. C.<\/div>\n<\/div>\n<\/figcaption><\/figure>\n<div class=\"sticky social-links\" data-sticky-container-selector=\"section.article\"><\/div>\n<div class=\"entry-content\">\n<div class=\"long\"><span class=\"lettrine\">N<\/span>ich\u00e9 au fond d&rsquo;un parc, le Mus\u00e9e de Gu\u00e9thary, install\u00e9 dans la villa n\u00e9obasque Saraleguinea, se pr\u00e9pare activement \u00e0 rev\u00eatir ses nouveaux habits pour la journ\u00e9e portes ouvertes pr\u00e9vue le 4 mai.Le public d\u00e9couvrira les nouveaux am\u00e9nagements, mais surtout la nouvelle salle gallo-romaine. Situ\u00e9e dans l&rsquo;ancienne salle de billard habill\u00e9e de boiseries sombres, elle abrite une collection de vestiges romains, unique dans la r\u00e9gion, mise en valeur par une mus\u00e9ographie moderne et attrayante.<\/p>\n<p>Y seront pr\u00e9sent\u00e9es environ 250 pi\u00e8ces, dont une trentaine embl\u00e9matiques, comme la t\u00eate de fibule et l&rsquo;exceptionnelle \u00e9pitaphe fun\u00e9raire, de nombreuses sigill\u00e9es, des c\u00e9ramiques communes, des fragments de lampes \u00e0 huile ou de la monnaie\u2026 Elles proviennent des fouilles effectu\u00e9es en 1984 et en 2009, lors de la d\u00e9couverte surprenante du site romain pr\u00e8s du port et de la mise au jour de l&rsquo;usine de salaison du Ier si\u00e8cle, destin\u00e9e \u00e0 la fabrication du \u00ab garum \u00bb, condiment fort pris\u00e9 des Romains. D&rsquo;o\u00f9 le nom de Gu\u00e9thary d\u00e9coulant du latin \u00ab Cetaria \u00bb, bassin o\u00f9 l&rsquo;on conservait les poissons.<\/p>\n<p>C&rsquo;est donc un projet ambitieux de r\u00e9am\u00e9nagement de cet espace de 250 m\u00b2, qui a \u00e9t\u00e9 men\u00e9 de main de ma\u00eetre, par la directrice Dani\u00e8le Serralta-Hirtz.<\/p>\n<p>\u00ab Le mus\u00e9e se devait de mettre en valeur ses collections dont ce fonds romain, t\u00e9moin exceptionnel de la pr\u00e9sence romaine sur notre territoire \u00bb.<\/p>\n<p>Seconde salle en 2015<\/p>\n<p>Et d&rsquo;ajouter, que le mus\u00e9e pourrait ainsi devenir une r\u00e9f\u00e9rence \u00e0 l&rsquo;instar du mus\u00e9e Oiasso d&rsquo;Irun et de Getaria, \u00e9galement riche en mat\u00e9riel arch\u00e9ologique de valeur. \u00ab C&rsquo;est la loi sur l&rsquo;accessibilit\u00e9 du public qui a \u00e9t\u00e9 le moteur de cette entreprise de r\u00e9novation \u00e9tal\u00e9e sur deux ans \u00bb, explique-elle. En effet, en 2015, une seconde salle sera consacr\u00e9e au patrimoine et aux traditions de Gu\u00e9thary, au c\u00f4t\u00e9 de la collection permanente des \u0153uvres du sculpteur Georges Cl\u00e9ment de Swiecinski.<\/p>\n<p>\u00ab Le projet a pu se concr\u00e9tiser gr\u00e2ce au fonds de dotation d&rsquo;entreprises et surtout aux dons re\u00e7us, suite \u00e0 la souscription publique lanc\u00e9e par les Amis du Mus\u00e9e \u00bb, souligne la directrice. Aujourd&rsquo;hui, \u00e9mue de cette premi\u00e8re r\u00e9alisation, elle rappelle qu&rsquo;il s&rsquo;agit avant tout du patrimoine des Gu\u00e9thariars &#8211; ce qu&rsquo;est \u00e9galement le mus\u00e9e -, d&rsquo;o\u00f9 cette volont\u00e9 d&rsquo;organiser une journ\u00e9e porte ouvertes, \u00e0 leur intention avant l&rsquo;ouverture officielle de la saison artistique, le 9 mai avec l&rsquo;exposition des \u0153uvres du sculpteur Claude Viseux.<\/p>\n<p>Ghislaine Castillon<\/p>\n<p>Dimanche 4 mai, journ\u00e9e porte ouvertes de 11 h \u00e0 12 h 30 et de 15 h \u00e0 18 h. Du 9 mai au 28 juin : exposition \u00ab De si\u00e8cles en si\u00e8cles\u2026 la mer \u00bb.<\/p>\n<\/div>\n<\/div>\n<\/blockquote>\n<\/section>\n<\/div>\n<\/div>\n<\/article>\n<\/div>\n<\/div>\n","protected":false},"excerpt":{"rendered":"<p>Le mus\u00e9e de Gu\u00e9tary \u00e9volue vers un mus\u00e9e arch\u00e9ologique. Et c&rsquo;est tant mieux! Le Patrimoine arch\u00e9ologique basque le m\u00e9rite. Le quotidien Sud Ouest s&rsquo;en fait l&rsquo;\u00e9cho aujourd&rsquo;hui (source : http:\/\/www.sudouest.fr\/2014\/04\/28\/250-pieces-gallo-romaines-au-musee-1538277-4160.php) Il serait int\u00e9ressant que les Pyr\u00e9n\u00e9es-Atlantiques b\u00e9n\u00e9ficient dans les ann\u00e9es \u00e0 venir de deux structures mus\u00e9ales pr\u00e9sentant les grandes \u00e9tapes du peuplement de la zone <span class=\"ellipsis\">&hellip;<\/span> <span class=\"more-link-wrap\"><a href=\"https:\/\/clubdubalen.fr\/blog\/archeologie-au-musee-de-guethary-64\/\" class=\"more-link\"><span>Read More &rarr;<\/span><\/a><\/span><\/p>\n","protected":false},"author":1,"featured_media":0,"comment_status":"open","ping_status":"open","sticky":false,"template":"","format":"standard","meta":[],"categories":[2,67,9],"tags":[],"_links":{"self":[{"href":"https:\/\/clubdubalen.fr\/blog\/wp-json\/wp\/v2\/posts\/316"}],"collection":[{"href":"https:\/\/clubdubalen.fr\/blog\/wp-json\/wp\/v2\/posts"}],"about":[{"href":"https:\/\/clubdubalen.fr\/blog\/wp-json\/wp\/v2\/types\/post"}],"author":[{"embeddable":true,"href":"https:\/\/clubdubalen.fr\/blog\/wp-json\/wp\/v2\/users\/1"}],"replies":[{"embeddable":true,"href":"https:\/\/clubdubalen.fr\/blog\/wp-json\/wp\/v2\/comments?post=316"}],"version-history":[{"count":1,"href":"https:\/\/clubdubalen.fr\/blog\/wp-json\/wp\/v2\/posts\/316\/revisions"}],"predecessor-version":[{"id":317,"href":"https:\/\/clubdubalen.fr\/blog\/wp-json\/wp\/v2\/posts\/316\/revisions\/317"}],"wp:attachment":[{"href":"https:\/\/clubdubalen.fr\/blog\/wp-json\/wp\/v2\/media?parent=316"}],"wp:term":[{"taxonomy":"category","embeddable":true,"href":"https:\/\/clubdubalen.fr\/blog\/wp-json\/wp\/v2\/categories?post=316"},{"taxonomy":"post_tag","embeddable":true,"href":"https:\/\/clubdubalen.fr\/blog\/wp-json\/wp\/v2\/tags?post=316"}],"curies":[{"name":"wp","href":"https:\/\/api.w.org\/{rel}","templated":true}]}}