{"id":312,"date":"2014-04-25T13:56:29","date_gmt":"2014-04-25T11:56:29","guid":{"rendered":"http:\/\/clubdubalen.fr\/blog\/?p=312"},"modified":"2014-04-29T14:22:27","modified_gmt":"2014-04-29T12:22:27","slug":"les-vitraux-de-la-cathedrale-dauch-en-question","status":"publish","type":"post","link":"https:\/\/clubdubalen.fr\/blog\/les-vitraux-de-la-cathedrale-dauch-en-question\/","title":{"rendered":"Les vitraux de la cath\u00e9drale d&rsquo;Auch en question"},"content":{"rendered":"<p>Paru ce jour dans le quotidien Sud Ouest, un article met en avant les probl\u00e8mes de financement pour une r\u00e9novation des vitraux de la cath\u00e9drale d&rsquo;Auch, dont la majeure partie remonte \u00e0 la fin du Moyen Age (source :<a href=\"http:\/\/www.sudouest.fr\/2014\/04\/25\/vitraux-en-danger-1535082-2277.php\" target=\"_blank\">http:\/\/www.sudouest.fr\/2014\/04\/25\/vitraux-en-danger-1535082-2277.php<\/a>)<\/p>\n<h1 class=\"title extra-large bitter entry-title\">Gers : les vitraux de la cath\u00e9drale d&rsquo;Auch en p\u00e9ril<\/h1>\n<aside class=\"details\">\n<div class=\"publishing\">Publi\u00e9 <time class=\"published\" datetime=\"ISO date\"> le 25\/04\/2014 \u00e0 06h00 <\/time> , modifi\u00e9 <time class=\"updated\" datetime=\"ISO date\"> le 25\/04\/2014 \u00e0 08h36 <\/time> par<\/p>\n<div class=\"author vcard\"><a class=\"url fn\" href=\"http:\/\/www.sudouest.fr\/2014\/04\/25\/vitraux-en-danger-1535082-2277.php#\" rel=\"author\">Cl\u00e9ment Melki<\/a><\/div>\n<\/div>\n<\/aside>\n<h2 class=\"entry-summary\">VIDEO. Deux millions d\u2019euros sont n\u00e9cessaires pour restaurer les vitraux s\u00e9culaires de la cath\u00e9drale d\u2019Auch. Un chantier consid\u00e9rable dont s&rsquo;est saisi le pr\u00e9fet du Gers pour sauvegarder un patrimoine unique en Europe<\/h2>\n<figure class=\"hmedia\"><img decoding=\"async\" class=\"photo\" src=\"http:\/\/images.sudouest.fr\/images\/2014\/04\/25\/1535082_5113526_800x400.jpg?v=1\" alt=\"Gers : les vitraux de la cath\u00e9drale d'Auch en p\u00e9ril\" \/><figcaption> <span class=\"fn\">Les vitraux de la cath\u00e9drale Sainte-Marie ont f\u00eat\u00e9 leur 500e anniversaire en juin 2013.<\/span> <em><em> \u00a9 Photo<\/em><\/em><\/p>\n<div class=\"contributor vcard\">\n<div class=\"fn\">Photo philippe bataille\/\u00ab Sud Ouest \u00bb<\/div>\n<\/div>\n<p>&nbsp;<\/p>\n<\/figcaption><\/figure>\n<div class=\"sticky social-links\" style=\"margin-top: 0px; position: fixed; top: 75px; left: 838.167px; width: 40px;\" data-sticky-container-selector=\"section.article\"><\/div>\n<div class=\"entry-content\"><span class=\"lettrine\">D<\/span>epuis plus de cinq-cent ans, les vitraux d&rsquo;Arnaut de Moles ornent la cath\u00e9drale Sainte-Marie d&rsquo;Auch, monument historique inscrit au Patrimoine mondial de l&rsquo;Unesco. Les 18 verri\u00e8res, oscillant entre gothique flamboyant et Renaissance italienne, m\u00ealent techniques modernes et anciennes \u00e0 l&rsquo;origine des teintes nuanc\u00e9es et harmonieuses.<strong>Consid\u00e9r\u00e9s comme le plus bel ensemble d&rsquo;Europe (80 % des pi\u00e8ces sont d&rsquo;\u00e9poque), ces vitraux souffrent toutefois de l&rsquo;usure du temps.<\/strong> D\u00e9sordres m\u00e9caniques, alt\u00e9rations chimiques, d\u00e9coloration : les conditions atmosph\u00e9riques menacent l&rsquo;ensemble des tableaux.Afin d&rsquo;\u00e9viter de plus amples d\u00e9g\u00e2ts, <strong>une \u00e9tude a donc pr\u00e9conis\u00e9 de remplacer les pi\u00e8ces d\u00e9grad\u00e9es et de supprimer les plombs de casse qui alt\u00e8rent la visibilit\u00e9 de l&rsquo;\u0153uvre<\/strong>. Mais ces travaux ont un co\u00fbt : 2 millions d&rsquo;euros au total, \u00e0 raison de 110 000 euros par verri\u00e8re.<\/p>\n<p>Pour financer les op\u00e9rations de r\u00e9novation, le pr\u00e9fet du Gers, Jean-Marc Sabath\u00e9, a eu l&rsquo;id\u00e9e de recourir au m\u00e9c\u00e9nat d&rsquo;entreprise. L&rsquo;objectif : <strong>mobiliser de grandes firmes, telles que Velux ou Saint-Gobain, avec lesquelles il esp\u00e8re nouer contact d&rsquo;ici la fin de l&rsquo;ann\u00e9e.<\/strong> En vue d&rsquo;appuyer son projet, le pr\u00e9fet du Gers a adress\u00e9 une demande de soutien \u00e0 la ministre de la Culture. \u00ab Je veux montrer qu&rsquo;il ne s&rsquo;agit pas seulement d&rsquo;un int\u00e9r\u00eat local, mais bien d&rsquo;un patrimoine collectif \u00bb, explique-t-il.<\/p>\n<p>L&rsquo;abb\u00e9 Jean-Claude Lagouanelle, recteur de la cath\u00e9drale, exprime sa satisfaction vis-\u00e0-vis de l&rsquo;implication des pouvoirs publics. \u00ab Ces vitraux repr\u00e9sentent un joyau pour les paroissiens mais \u00e9galement pour tout le dioc\u00e8se \u00bb, estime-t-il, ajoutant qu&rsquo;ils participent \u00e0 l&rsquo;attractivit\u00e9 de la r\u00e9gion, puisqu&rsquo;ils attirent chaque ann\u00e9e des dizaines de touristes, notamment en p\u00e9riode estivale. \u00ab Les visiteurs se montrent particuli\u00e8rement attentifs \u00e0 cette restauration \u00bb, constate-t-il.<\/p>\n<p>La Fondation du Patrimoine, qui a lanc\u00e9 une souscription de dons, est un vecteur majeur dans le projet. \u00ab L&rsquo;appel ne s&rsquo;adresse pas uniquement aux grandes entreprises, pr\u00e9cise Christophe Jankowiac, d\u00e9l\u00e9gu\u00e9 r\u00e9gional et d\u00e9partemental. <strong>Nous avons re\u00e7u de nombreux dons \u00e0 plus petite \u00e9chelle, dont nous sommes tr\u00e8s satisfaits. \u00bb<\/strong><\/p>\n<p>\u00c0 travers cette op\u00e9ration, <strong>l&rsquo;objectif de Jean-Marc Sabath\u00e9 est aussi d&rsquo;attirer l&rsquo;attention du grand public sur le patrimoine exceptionnel du Gers<\/strong>. Avec ses 500 ch\u00e2teaux et ses sept cath\u00e9drales, le d\u00e9partement est en effet l&rsquo;un des plus riches de France en mati\u00e8re de domaines b\u00e2tis. <strong>Le Gers concentre d&rsquo;ailleurs 60 % du patrimoine class\u00e9 et inscrit de la r\u00e9gion Midi-Pyr\u00e9n\u00e9es<\/strong>.<\/p>\n<p><strong>Parmi ces richesses, la cath\u00e9drale Sainte-Marie est l&rsquo;une des plus imposantes<\/strong>, ce qui n\u00e9cessite un entretien particulier. \u00ab Il y a toujours des travaux \u00e0 faire. Jusqu&rsquo;\u00e0 aujourd&rsquo;hui, les autres projets \u00e9taient prioritaires sur celui des vitraux, ce qui a repouss\u00e9 le lancement de la r\u00e9novation \u00bb, explique le pr\u00e9fet. S&rsquo;il faudra encore patienter quelques semaines, le plan de r\u00e9novation nourrit l&rsquo;espoir de voir les somptueux vitraux de la cath\u00e9drale Sainte-Marie retrouver tout leur \u00e9clat.<\/p>\n<p>&nbsp;<\/p>\n<p><small>embedded by <a href=\"http:\/\/wordpress.org\/extend\/plugins\/embedded-video-with-link\/\" title=\"plugin page\"><em>Embedded Video<\/em><\/a><\/small><br \/><object type=\"application\/x-shockwave-flash\" data=\"http:\/\/www.youtube.com\/v\/qyD465wLaeY#t=39\" width=\"425\" height=\"350\"><param name=\"movie\" value=\"http:\/\/www.youtube.com\/v\/qyD465wLaeY#t=39\" \/><param name=\"autostart\" value=\"true\" \/><param name=\"wmode\" value=\"transparent\" \/><\/object><br \/><a title=\"YouTube\" href=\"http:\/\/www.youtube.com\/watch?v=qyD465wLaeY#t=39\">YouTube Direkt<\/a>\n<!-- generated by WordPress plugin Embedded Video -->\n<\/p>\n<\/div>\n","protected":false},"excerpt":{"rendered":"<p>Paru ce jour dans le quotidien Sud Ouest, un article met en avant les probl\u00e8mes de financement pour une r\u00e9novation des vitraux de la cath\u00e9drale d&rsquo;Auch, dont la majeure partie remonte \u00e0 la fin du Moyen Age (source :http:\/\/www.sudouest.fr\/2014\/04\/25\/vitraux-en-danger-1535082-2277.php) Gers : les vitraux de la cath\u00e9drale d&rsquo;Auch en p\u00e9ril Publi\u00e9 le 25\/04\/2014 \u00e0 06h00 , <span class=\"ellipsis\">&hellip;<\/span> <span class=\"more-link-wrap\"><a href=\"https:\/\/clubdubalen.fr\/blog\/les-vitraux-de-la-cathedrale-dauch-en-question\/\" class=\"more-link\"><span>Read More &rarr;<\/span><\/a><\/span><\/p>\n","protected":false},"author":1,"featured_media":0,"comment_status":"open","ping_status":"open","sticky":false,"template":"","format":"standard","meta":[],"categories":[2,67],"tags":[],"_links":{"self":[{"href":"https:\/\/clubdubalen.fr\/blog\/wp-json\/wp\/v2\/posts\/312"}],"collection":[{"href":"https:\/\/clubdubalen.fr\/blog\/wp-json\/wp\/v2\/posts"}],"about":[{"href":"https:\/\/clubdubalen.fr\/blog\/wp-json\/wp\/v2\/types\/post"}],"author":[{"embeddable":true,"href":"https:\/\/clubdubalen.fr\/blog\/wp-json\/wp\/v2\/users\/1"}],"replies":[{"embeddable":true,"href":"https:\/\/clubdubalen.fr\/blog\/wp-json\/wp\/v2\/comments?post=312"}],"version-history":[{"count":3,"href":"https:\/\/clubdubalen.fr\/blog\/wp-json\/wp\/v2\/posts\/312\/revisions"}],"predecessor-version":[{"id":315,"href":"https:\/\/clubdubalen.fr\/blog\/wp-json\/wp\/v2\/posts\/312\/revisions\/315"}],"wp:attachment":[{"href":"https:\/\/clubdubalen.fr\/blog\/wp-json\/wp\/v2\/media?parent=312"}],"wp:term":[{"taxonomy":"category","embeddable":true,"href":"https:\/\/clubdubalen.fr\/blog\/wp-json\/wp\/v2\/categories?post=312"},{"taxonomy":"post_tag","embeddable":true,"href":"https:\/\/clubdubalen.fr\/blog\/wp-json\/wp\/v2\/tags?post=312"}],"curies":[{"name":"wp","href":"https:\/\/api.w.org\/{rel}","templated":true}]}}