{"id":27,"date":"2013-04-06T14:43:15","date_gmt":"2013-04-06T12:43:15","guid":{"rendered":"http:\/\/clubdubalen.fr\/blog\/?p=27"},"modified":"2013-04-06T14:50:41","modified_gmt":"2013-04-06T12:50:41","slug":"les-surprises-de-larcheologie","status":"publish","type":"post","link":"https:\/\/clubdubalen.fr\/blog\/les-surprises-de-larcheologie\/","title":{"rendered":"Les surprises de l&rsquo;arch\u00e9ologie"},"content":{"rendered":"<blockquote>\n<h1>Une bo\u00eete tomb\u00e9e du ciel<\/h1>\n<h2>Un arch\u00e9ologue b\u00e9n\u00e9vole a trouv\u00e9 mercredi matin un transformateur de courant \u00e9lectrique tomb\u00e9 d\u2019un avion militaire, entre 1977 et 2000&#8230;.<\/h2>\n<div><img decoding=\"async\" alt=\"Didier Vignaud est all\u00e9 remettre cette pi\u00e8ce tomb\u00e9e d\u2019un a\u00e9ronef, \u00e0 la gendarmerie de l\u2019air, hier.\" src=\"http:\/\/www.sudouest.fr\/images\/2013\/04\/05\/1014757_913942_460x306.jpg\" \/><\/p>\n<h4>Didier Vignaud est all\u00e9 remettre cette pi\u00e8ce tomb\u00e9e d\u2019un a\u00e9ronef, \u00e0 la gendarmerie de l\u2019air, hier. (Photo Nicolas le Li\u00e8vre)<\/h4>\n<\/div>\n<\/blockquote>\n<div>\n<blockquote><p>Le sol landais cache parfois, sous son tapis de terre, des objets bien singuliers. Ainsi, \u00e0 Campet-et-Lamol\u00e8re, un b\u00e9n\u00e9vole du Centre de recherches arch\u00e9ologiques sur les Landes (Cral) a trouv\u00e9, mercredi matin, un myst\u00e9rieux bo\u00eetier noir tomb\u00e9 du ciel.<\/p>\n<p>\u00ab J\u2019\u00e9tais venu voir s\u2019il n\u2019y avait pas de site arch\u00e9ologique mis en \u00e9vidence par les labours forestiers cons\u00e9cutifs aux plantations de pins, explique Didier Vignaud. Je suis tomb\u00e9 sur cette bo\u00eete intrigante. Au d\u00e9but, j\u2019ai cru qu\u2019un agriculteur avait perdu une radio ou quelque chose comme \u00e7a, raconte Didier Vignaud. Mais en me rapprochant, j\u2019ai tout de suite vu qu\u2019il s\u2019agissait de mat\u00e9riel a\u00e9ronautique, perdu par un a\u00e9ronef, note-t-il. Il comporte des traces de choc qui montrent qu\u2019il est tomb\u00e9 du ciel. En fait, c\u2019est un transformateur de courant \u00e9lectrique. \u00bb<\/p>\n<p>Une date, une signatureAucune place \u00e0 l\u2019erreur : Didier Vignaud, ancien de l\u2019a\u00e9ronautique, qui a travaill\u00e9 entre autres au sein du bureau d\u2019\u00e9tude de Turbomeca, sur les proc\u00e9dures de maintenance pour les moteurs d\u2019h\u00e9licopt\u00e8re, sait de quoi il parle. \u00ab Il s\u2019agit s\u00fbrement d\u2019un appareil militaire \u00bb, reprend-il. La pi\u00e8ce comporte en effet quelques indices, comme la date de fabrication : mai 1977. \u00ab \u00c0 cette \u00e9poque, la zone \u00e9tait interdite de survol par l\u2019aviation civile. \u00bb On peut \u00e9galement y lire la mention du groupe fran\u00e7ais A\u00e9rospatiale Matra, avant qu\u2019il ne fusionne et ne devienne EADS, en 2000.<\/p>\n<p>La perte de ce transformateur de courant \u00e9lectrique est intervenue entre 1977 et 2000. \u00ab Ce n\u2019est pas un Rafale qui a perdu \u00e7a, en d\u00e9duit Didier Vignaud. Je n\u2019ai pas entendu parler de crash, mais ce qui est s\u00fbr, c\u2019est qu\u2019il y a eu un incident a\u00e9rien. Il n\u2019a peut-\u00eatre pas dur\u00e9 longtemps car, \u00e0 bord, il y a de la redondance \u00e9lectrique. \u00bb<\/p>\n<p>Au minist\u00e8re de la D\u00e9fenseCombien de temps le bo\u00eetier est-il rest\u00e9 enseveli sous le sol campetois ? Pour l\u2019instant, le transformateur de courant \u00e9lectrique garde ses myst\u00e8res. La r\u00e9ponse se trouve peut-\u00eatre du c\u00f4t\u00e9 du Bureau enqu\u00eate et accident du minist\u00e8re de la D\u00e9fense, \u00e0 Paris, qui devrait recevoir la pi\u00e8ce prochainement. En attendant, Didier Vignaud, apr\u00e8s avoir contact\u00e9 la BA 118, est all\u00e9 remettre le transformateur \u00e0 la gendarmerie de l\u2019air, hier matin.<\/p>\n<p>\u00ab M\u00eame s\u2019il ne s\u2019agit pas d\u2019un fait r\u00e9cent, il y a peut-\u00eatre un dossier ouvert, li\u00e9 \u00e0 un incident a\u00e9rien, au Bureau enqu\u00eate et accidents du minist\u00e8re. C\u2019est toujours int\u00e9ressant pour eux d\u2019avoir un retour d\u2019exp\u00e9rience. Qu\u2019il s\u2019agisse d\u2019un accident ou d\u2019un incident, tout est r\u00e9pertori\u00e9. Le but est d\u2019avoir un retour d\u2019exp\u00e9rience qui servira de le\u00e7on pour la suite. En fonction, ils peuvent faire \u00e9voluer le mat\u00e9riel ou les formations dispens\u00e9es au personnel. C\u2019est en tout cas la proc\u00e9dure en a\u00e9ronautique. \u00bb<\/p><\/blockquote>\n<p>source : Sud-Ouest (article d&rsquo;Aur\u00e9lie Champagne) <a href=\"http:\/\/www.sudouest.fr\/2013\/04\/05\/une-boite-tombee-du-ciel-1014757-4723.php\" target=\"_blank\">http:\/\/www.sudouest.fr\/2013\/04\/05\/une-boite-tombee-du-ciel-1014757-4723.php<\/a><\/p>\n<p>Une partie \u00e0 part est consacr\u00e9e \u00e0 l&rsquo;activit\u00e9 arch\u00e9ologique de Didier Vignaud. Il faut rappeler que celui-ci, membre \u00e0 part enti\u00e8re du Club Dubalen, oeuvre depuis une dizaine d&rsquo;ann\u00e9es au sein du Centre de Recherches Arch\u00e9ologiques sur les Landes. Cette association, cr\u00e9\u00e9e dans les ann\u00e9es 80 \u00e0 l&rsquo;initiative de Bernard Gellibert et Jean-Claude Merlet, reste encore aujourd&rsquo;hui le groupe de recherches arch\u00e9ologiques le plus actif du d\u00e9partement des Landes et dans une certaine mesure, de l&rsquo;Aquitaine m\u00e9ridionale. Les diff\u00e9rents travaux sont r\u00e9sum\u00e9s sur le site internet <a href=\"http:\/\/www.archeolandes.com\" target=\"_blank\">www.archeolandes.com<\/a> Voici la partie d&rsquo;article d\u00e9di\u00e9e aux recherches landaises (<a href=\"http:\/\/www.sudouest.fr\/2013\/04\/05\/la-richesse-du-sous-sol-landais-1015063-3452.php\" target=\"_blank\">http:\/\/www.sudouest.fr\/2013\/04\/05\/la-richesse-du-sous-sol-landais-1015063-3452.php<\/a>)<\/p>\n<div>\n<blockquote>\n<h1>La richesse du sous-sol landais<\/h1>\n<\/blockquote>\n<\/div>\n<blockquote><p>Ce n\u2019est pas la premi\u00e8re fois que cet arch\u00e9ologue b\u00e9n\u00e9vole trouve des objets insolites pendant des fouilles ou des prospections. \u00ab J\u2019ai d\u00e9couvert par deux fois des obus, dans deux communes diff\u00e9rentes. J\u2019ai pr\u00e9venu les d\u00e9mineurs de la gendarmerie. D\u2019un point de vue arch\u00e9ologique, on est tomb\u00e9 sur des choses qui n\u2019existent pas ailleurs en Aquitaine, comme une s\u00e9pulture \u00e0 incin\u00e9ration datant de la fin de l\u2019Antiquit\u00e9. On a trouv\u00e9 aussi le plus grand javelot de guerre d\u2019Europe utilis\u00e9 \u00e0 l\u2019\u00e2ge du fer, qui faisait plus de 2 m\u00e8tres, ou encore le plus vieil objet en fer connu en France, qui date de l\u2019\u00e2ge du bronze. Les Landes sont une sorte de r\u00e9serve arch\u00e9ologique. La plantation de pins a gel\u00e9 les terrains et prot\u00e9g\u00e9 tous les sites arch\u00e9ologiques. La recherche justifierait la pr\u00e9sence de quatre arch\u00e9ologues \u00e0 temps plein dans les Landes. \u00bb Une campagne de prospection sur la moyenne vall\u00e9e de l\u2019Adour va d\u00e9marrer pour recenser tous les sites arch\u00e9ologiques. Des fouilles devraient \u00e9galement avoir lieu \u00e0 Ousse-Suzan prochainement.<\/p><\/blockquote>\n<\/div>\n","protected":false},"excerpt":{"rendered":"<p>Une bo\u00eete tomb\u00e9e du ciel Un arch\u00e9ologue b\u00e9n\u00e9vole a trouv\u00e9 mercredi matin un transformateur de courant \u00e9lectrique tomb\u00e9 d\u2019un avion militaire, entre 1977 et 2000&#8230;. Didier Vignaud est all\u00e9 remettre cette pi\u00e8ce tomb\u00e9e d\u2019un a\u00e9ronef, \u00e0 la gendarmerie de l\u2019air, hier. (Photo Nicolas le Li\u00e8vre) Le sol landais cache parfois, sous son tapis de terre, <span class=\"ellipsis\">&hellip;<\/span> <span class=\"more-link-wrap\"><a href=\"https:\/\/clubdubalen.fr\/blog\/les-surprises-de-larcheologie\/\" class=\"more-link\"><span>Read More &rarr;<\/span><\/a><\/span><\/p>\n","protected":false},"author":1,"featured_media":0,"comment_status":"open","ping_status":"open","sticky":false,"template":"","format":"standard","meta":[],"categories":[9],"tags":[],"_links":{"self":[{"href":"https:\/\/clubdubalen.fr\/blog\/wp-json\/wp\/v2\/posts\/27"}],"collection":[{"href":"https:\/\/clubdubalen.fr\/blog\/wp-json\/wp\/v2\/posts"}],"about":[{"href":"https:\/\/clubdubalen.fr\/blog\/wp-json\/wp\/v2\/types\/post"}],"author":[{"embeddable":true,"href":"https:\/\/clubdubalen.fr\/blog\/wp-json\/wp\/v2\/users\/1"}],"replies":[{"embeddable":true,"href":"https:\/\/clubdubalen.fr\/blog\/wp-json\/wp\/v2\/comments?post=27"}],"version-history":[{"count":3,"href":"https:\/\/clubdubalen.fr\/blog\/wp-json\/wp\/v2\/posts\/27\/revisions"}],"predecessor-version":[{"id":29,"href":"https:\/\/clubdubalen.fr\/blog\/wp-json\/wp\/v2\/posts\/27\/revisions\/29"}],"wp:attachment":[{"href":"https:\/\/clubdubalen.fr\/blog\/wp-json\/wp\/v2\/media?parent=27"}],"wp:term":[{"taxonomy":"category","embeddable":true,"href":"https:\/\/clubdubalen.fr\/blog\/wp-json\/wp\/v2\/categories?post=27"},{"taxonomy":"post_tag","embeddable":true,"href":"https:\/\/clubdubalen.fr\/blog\/wp-json\/wp\/v2\/tags?post=27"}],"curies":[{"name":"wp","href":"https:\/\/api.w.org\/{rel}","templated":true}]}}