{"id":25,"date":"2013-04-01T22:00:14","date_gmt":"2013-04-01T20:00:14","guid":{"rendered":"http:\/\/clubdubalen.fr\/blog\/?p=25"},"modified":"2014-04-18T15:07:57","modified_gmt":"2014-04-18T13:07:57","slug":"lancienne-mairie-de-mont-de-marsan-dans-sud-ouest","status":"publish","type":"post","link":"https:\/\/clubdubalen.fr\/blog\/lancienne-mairie-de-mont-de-marsan-dans-sud-ouest\/","title":{"rendered":"L&rsquo;ancienne mairie de Mont-de-Marsan dans Sud-Ouest"},"content":{"rendered":"<blockquote>\n<h1>L\u2019ancienne mairie sera transform\u00e9e en r\u00e9sidence<\/h1>\n<h2>La municipalit\u00e9 c\u00e8de des b\u00e2timents communaux \u00e0 des particuliers. L\u2019opposition vote contre.<\/h2>\n<div><img decoding=\"async\" src=\"http:\/\/www.sudouest.fr\/images\/2013\/04\/01\/1011436_862892_460x306.jpg\" alt=\"L\u2019ancienne biblioth\u00e8que, qui fut la mairie de Mont-de-Marsan de 1846 \u00e0 1946, sera c\u00e9d\u00e9e \u00e0 des particuliers pour la somme de 255 600 euros.\" \/><\/p>\n<h4>L\u2019ancienne biblioth\u00e8que, qui fut la mairie de Mont-de-Marsan de 1846 \u00e0 1946, sera c\u00e9d\u00e9e \u00e0 des particuliers pour la somme de 255 600 euros. (Photo Nicolas le li\u00e8vre)<\/h4>\n<\/div>\n<p>La suite du Conseil municipal de jeudi dernier a permis, \u00e0 nouveau, \u00e0 l\u2019opposition de batailler avec les \u00e9lus majoritaires sur la question des \u00ab bijoux de famille \u00bb d\u00e9j\u00e0 \u00e9voqu\u00e9e dans le pass\u00e9. C\u2019est-\u00e0-dire la vente du patrimoine b\u00e2ti d\u00e9tenu par la commune. La Ville ayant d\u00e9cid\u00e9 de c\u00e9der ainsi \u00e0 des particuliers l\u2019ancienne biblioth\u00e8que, situ\u00e9e au 4, place Charles-de-Gaulle, c\u2019est Jean-Michel Carr\u00e8re (PS) qui s\u2019est lev\u00e9 pour combattre cette id\u00e9e.<\/p>\n<p>\u00ab Avant d\u2019\u00eatre la biblioth\u00e8que, c\u2019\u00e9tait l\u2019ancienne mairie, qui faisait vraiment partie de l\u2019histoire de la ville, s\u2019est-il offusqu\u00e9. L\u2019immeuble a, en effet, abrit\u00e9 l\u2019h\u00f4tel de ville de 1846 \u00e0 1946. Il comprend des caract\u00e9ristiques architecturales particuli\u00e8res, dont une fresque sur un de ses murs. Nous nous opposons \u00e0 cette d\u00e9cision, qui de plus va cr\u00e9er une nouvelle r\u00e9sidence. Pour nous, ce n\u2019est pas comme cela que l\u2019on va contribuer \u00e0 dynamiser ce quartier du centre-ville, qui en a bien besoin. \u00bb<\/p>\n<p>Repeupler le centre-ville<\/p>\n<p>Herv\u00e9 Bayard (UMP) objecte qu\u2019au contraire, \u00ab cela va permettre de repeupler le centre-ville, qui s\u2019est beaucoup d\u00e9garni ces derni\u00e8res ann\u00e9es. Ce sera la meilleure mani\u00e8re de lui redonner vie. Des familles vont y habiter, vont contribuer au dynamisme en allant consommer dans les commerces locaux. \u00bb<\/p>\n<p>Sans les huit voix de l\u2019opposition, la municipalit\u00e9 a donc pr\u00e9vu de c\u00e9der, pour 255 600 euros (alors que la derni\u00e8re estimation du service des Domaines \u00e9tait de 300 000), ce b\u00e2timent de 782 m\u00b2 r\u00e9partis sur un rez-de-chauss\u00e9e, deux \u00e9tages et un sous-sol.<\/p>\n<p>Les repreneurs &#8211; trois associ\u00e9s &#8211; veulent y am\u00e9nager six appartements : deux T2 de 54 m\u00b2 environ, un T3 (84 m\u00b2) et trois T4 (125 m\u00b2 chacun). Seule consolation pour l\u2019opposition : Herv\u00e9 Bayard estime que, l\u2019un des repreneurs \u00e9tant une architecte, le b\u00e2timent (non class\u00e9) et ses volumes, dont la fa\u00e7ade dot\u00e9e d\u2019une horloge, ne seront pas d\u00e9natur\u00e9s. (&#8230;)<\/p><\/blockquote>\n<p>source : <a href=\"http:\/\/www.sudouest.fr\/2013\/04\/01\/l-ancienne-mairie-sera-transformee-en-residence-1011436-710.php\" target=\"_blank\">http:\/\/www.sudouest.fr\/2013\/04\/01\/l-ancienne-mairie-sera-transformee-en-residence-1011436-710.php<\/a> (article de Jean-Louis Hugon)<\/p>\n<p>Il est bien entendu dommage qu&rsquo;un tel b\u00e2timent, intimement li\u00e9 \u00e0 l&rsquo;Histoire de la ville de Mont-de-Marsan, connaisse une telle \u00e9volution. Nous sommes r\u00e9serv\u00e9s quant \u00e0 l&rsquo;excuse du besoin de logement. Le probl\u00e8me de logement en centre-ville n&rsquo;est pas un probl\u00e8me de disponibilit\u00e9 de lieux (pour s&rsquo;en convaincre, voir combien de temps en moyenne reste \u00e0 louer n&rsquo;importe quel appartement dans les r\u00e9sidences proches de l&rsquo;hyper-centre) mais de prix des loyers, surestim\u00e9s en g\u00e9n\u00e9ral \u00e0 Mont-de-Marsan (et \u00e0 Dax, pas de jaloux!) comme le rappelle le dossier consacr\u00e9 au logement dans le Sud Ouest dans le dernier Nouvel Obs. S&rsquo;il y a une urgence, ce n&rsquo;est pas de cr\u00e9er de nouveaux logements, mais bien de faire en sorte que les logements d\u00e9j\u00e0 existants puissent \u00eatre lou\u00e9s \u00e0 des prix d\u00e9cents.<\/p>\n<p>Reste ce b\u00e2timent : de quelle mani\u00e8re va-t-il \u00e9voluer? En quoi le fait qu&rsquo;une architecte fasse partie des repreneurs est une garantie suffisante contre le n&rsquo;importe quoi quand on sait que m\u00eame des architectes DPLG ont parfois cautionn\u00e9 le pire en la mati\u00e8re?<\/p>\n","protected":false},"excerpt":{"rendered":"<p>L\u2019ancienne mairie sera transform\u00e9e en r\u00e9sidence La municipalit\u00e9 c\u00e8de des b\u00e2timents communaux \u00e0 des particuliers. L\u2019opposition vote contre. L\u2019ancienne biblioth\u00e8que, qui fut la mairie de Mont-de-Marsan de 1846 \u00e0 1946, sera c\u00e9d\u00e9e \u00e0 des particuliers pour la somme de 255 600 euros. (Photo Nicolas le li\u00e8vre) La suite du Conseil municipal de jeudi dernier a <span class=\"ellipsis\">&hellip;<\/span> <span class=\"more-link-wrap\"><a href=\"https:\/\/clubdubalen.fr\/blog\/lancienne-mairie-de-mont-de-marsan-dans-sud-ouest\/\" class=\"more-link\"><span>Read More &rarr;<\/span><\/a><\/span><\/p>\n","protected":false},"author":1,"featured_media":0,"comment_status":"open","ping_status":"open","sticky":false,"template":"","format":"standard","meta":[],"categories":[1],"tags":[],"_links":{"self":[{"href":"https:\/\/clubdubalen.fr\/blog\/wp-json\/wp\/v2\/posts\/25"}],"collection":[{"href":"https:\/\/clubdubalen.fr\/blog\/wp-json\/wp\/v2\/posts"}],"about":[{"href":"https:\/\/clubdubalen.fr\/blog\/wp-json\/wp\/v2\/types\/post"}],"author":[{"embeddable":true,"href":"https:\/\/clubdubalen.fr\/blog\/wp-json\/wp\/v2\/users\/1"}],"replies":[{"embeddable":true,"href":"https:\/\/clubdubalen.fr\/blog\/wp-json\/wp\/v2\/comments?post=25"}],"version-history":[{"count":3,"href":"https:\/\/clubdubalen.fr\/blog\/wp-json\/wp\/v2\/posts\/25\/revisions"}],"predecessor-version":[{"id":284,"href":"https:\/\/clubdubalen.fr\/blog\/wp-json\/wp\/v2\/posts\/25\/revisions\/284"}],"wp:attachment":[{"href":"https:\/\/clubdubalen.fr\/blog\/wp-json\/wp\/v2\/media?parent=25"}],"wp:term":[{"taxonomy":"category","embeddable":true,"href":"https:\/\/clubdubalen.fr\/blog\/wp-json\/wp\/v2\/categories?post=25"},{"taxonomy":"post_tag","embeddable":true,"href":"https:\/\/clubdubalen.fr\/blog\/wp-json\/wp\/v2\/tags?post=25"}],"curies":[{"name":"wp","href":"https:\/\/api.w.org\/{rel}","templated":true}]}}