{"id":136,"date":"2013-06-11T22:20:42","date_gmt":"2013-06-11T20:20:42","guid":{"rendered":"http:\/\/clubdubalen.fr\/blog\/?p=136"},"modified":"2013-06-11T22:20:42","modified_gmt":"2013-06-11T20:20:42","slug":"un-habitat-du-bas-empire-a-ousse-suzan-landes","status":"publish","type":"post","link":"https:\/\/clubdubalen.fr\/blog\/un-habitat-du-bas-empire-a-ousse-suzan-landes\/","title":{"rendered":"Un habitat du Bas Empire \u00e0 Ousse-Suzan (Landes)."},"content":{"rendered":"<blockquote><p>Par Philippe Guillaumie<\/p>\n<div>\n<h1>Un chantier arch\u00e9ologique unique en Aquitaine<\/h1>\n<p>Les fouilles, \u00e0 Ousse-Suzan (40), portent sur une structure exceptionnelle du Bas Empire romain<\/p>\n<\/div>\n<div><img decoding=\"async\" alt=\"La fosse s\u00e9pulcrale de plus de 1 600 ans d\u00e9couverte non loin de la chapelle de Suzan\" src=\"http:\/\/www.sudouest.fr\/images\/2013\/06\/11\/1081092_1602438_460x306.jpg\" \/><\/p>\n<h4>La fosse s\u00e9pulcrale de plus de 1 600 ans d\u00e9couverte non loin de la chapelle de Suzan (Philippe Guillaumie)<\/h4>\n<\/div>\n<div>\n<p>Longtemps \u00ab fig\u00e9s \u00bb par la for\u00eat, les sites arch\u00e9ologiques des Landes n\u2019ont jamais \u00e9t\u00e9 d\u00e9truits par des travaux de sous-sol mais, dans les ann\u00e9es 1980-90, des labours profonds ont fait remonter \u00e0 la surface des vestiges int\u00e9ressants. D\u2019o\u00f9 le premier objectif du Cral (Centre de recherches arch\u00e9ologiques sur les Landes), cr\u00e9\u00e9 en 1984 par Jean-Claude Merlet et Bernard Gelibert : rep\u00e9rer les lieux susceptibles d\u2019abriter des sites arch\u00e9ologiques, la \u00ab prospection \u00bb consistant \u00e0 surveiller au maximum les labours forestiers (\u00e0 noter aussi que, <strong>paradoxalement, les temp\u00eates de 1999 et de 2009, si cruelles et si d\u00e9vastatrices qu\u2019elles fussent, s\u2019av\u00e9r\u00e8rent un pr\u00e9cieux auxiliaire pour l\u2019arch\u00e9ologue<\/strong>\u2026)<\/p>\n<p>Ce travail de prospection, Didier Vignaud, quadrag\u00e9naire montois passionn\u00e9 d\u2019arch\u00e9ologie et membre b\u00e9n\u00e9vole du Cral, le pratique depuis quatorze ans, ce qui lui a permis d\u2019effectuer il y a une dizaine d\u2019ann\u00e9es de nombreuses recherches notamment en Pays de Brassenx, \u00e0 Ygos, Beylongue, Arengosse, Villenave, Ousse-Suzan\u2026<\/p>\n<p>En d\u00e9cembre 2012, il se trouvait \u00e0 Suzan, non loin de la chapelle, dans une zone ravag\u00e9e par la temp\u00eate Klaus. Il y rep\u00e9ra cinq \u00ab unit\u00e9s \u00bb bien distinctes au lieu dit Matic. Deux d\u2019entre elles lui parurent particuli\u00e8rement int\u00e9ressantes et<strong> le minist\u00e8re de la Culture lui donna l\u2019autorisation d\u2019y effectuer sondages et fouilles qui commenc\u00e8rent en mai dernier<\/strong>. Le site \u00e9tait visitable ce week-end \u00e0 l\u2019occasion des Journ\u00e9es nationales de l\u2019arch\u00e9ologie.<\/p>\n<p><strong>Une structure exceptionnelle <\/strong><\/p>\n<p>\u00ab La premi\u00e8re \u201cstructure\u201d d\u00e9couverte est exceptionnelle car <strong>elle est unique en Aquitaine en milieu rural<\/strong>, explique Didier Vignaud. En effet, le torchis br\u00fbl\u00e9 et les fragments de poteries que nous y avons trouv\u00e9s la situent au IIIe ou IVe si\u00e8cle de notre \u00e8re, <strong>au c\u0153ur du Bas Empire romain. Or, nous ne connaissons pas la forme d\u2019habitat de cette p\u00e9riode<\/strong> en milieu rural. \u00bb<\/p>\n<p>\u00ab On ne peut pas imaginer ce qu\u2019il y avait exactement ici, mais au vu de la petitesse de l\u2019ensemble et de la quantit\u00e9 de fragments de poteries d\u00e9couverts, il s\u2019agit sans doute d\u2019un \u00e9l\u00e9ment d\u2019habitat (une pi\u00e8ce ?) d\u2019autant qu\u2019\u00e0 quelques m\u00e8tres, nous avons trouv\u00e9, lors d\u2019un sondage, un trou de poteau. Peut-\u00eatre y avait-il ici une ferme ou une r\u00e9sidence secondaire\u2026 Le torchis br\u00fbl\u00e9 et de la cendre que nous avons aussi d\u00e9couverte font penser \u00e0 un incendie qui aurait d\u00e9truit une partie du b\u00e2timent.<strong> Pour en savoir plus, il faudrait faire un \u00e9norme \u2018\u2018d\u00e9capage\u2019\u2019 des fouilles sur 2 hectares, <\/strong>mais est-ce envisageable?<\/p>\n<p><strong>Une tombe de l\u2019an 370 <\/strong><\/p>\n<p>\u00c0 quelques m\u00e8tres de l\u00e0, \u00e0 la suite de sondages sur la parcelle \u00ab pour \u00e9valuer son potentiel arch\u00e9ologique \u00bb, Didier a d\u00e9couvert, \u00ab au vu de la dimension, de la forme et de la profondeur \u00bb, <strong>une \u00ab fosse s\u00e9pulcrale \u00bb<\/strong> (autrement dit une tombe, mais <strong>sans ossements<\/strong>, d\u00e9truits par l\u2019acidit\u00e9 du sable) avec, \u00ab au fond de la fosse, une pi\u00e8ce \u00e0 l\u2019effigie d\u2019un des deux fr\u00e8res co-empereurs Valentinien (mort en 375) ou Valens (mort en 378). Peut-\u00eatre \u00ab l\u2019obole \u00e0 Charon \u00bb ?<em> (1)<\/em>.<\/p>\n<p>\u00ab Gr\u00e2ce \u00e0 la stratigraphie, <strong>on peut lire toutes les phases d\u2019occupation du secteur au fil du temps<\/strong>. D\u2019autres fouilles permettraient peut-\u00eatre d\u2019avoir une meilleure compr\u00e9hension de l\u2019\u00e9tat d\u2019occupation de cette zone \u00bb, conclut Didier Vignaud.<\/p>\n<p>Qu\u2019en sera-t-il des sites de Matic \u00e0 Suzan ? <strong>L\u2019autorisation de fouilles court jusqu\u2019\u00e0 fin septembre<\/strong>, mais, \u00e0 la suite du rapport qu\u2019il remettra et qui sera longuement analys\u00e9 (il faut compter \u00ab plusieurs mois de travaux de bureau \u00bb), Didier Vignaud esp\u00e8re qu\u2019elles se poursuivront l\u2019an prochain.<\/p>\n<p><em>(1) Dans la mythologie grecque, Charon \u00e9tait le \u00ab nocher des enfers \u00bb qui conduisait les d\u00e9funts vers leur dernier s\u00e9jour moyennant le paiement d\u2019une \u00ab obole \u00bb que les parents de la personne d\u00e9c\u00e9d\u00e9e avaient plac\u00e9e dans sa bouche\u2026<\/em><\/p>\n<\/div>\n<\/blockquote>\n<div>\n<p>Article paru dans le quotidien Sud-Ouest\u00a0 le 11\/06\/13 (source : <a href=\"http:\/\/www.sudouest.fr\/2013\/06\/11\/unique-en-aquitaine-1081092-3304.php\" target=\"_blank\">http:\/\/www.sudouest.fr\/2013\/06\/11\/unique-en-aquitaine-1081092-3304.php<\/a>)<\/p>\n<p>A noter qu&rsquo;une page Facebook a aussi \u00e9t\u00e9 cr\u00e9\u00e9e pour m\u00e9diatiser ces recherches particuli\u00e8rement int\u00e9ressantes.<\/p>\n<\/div>\n","protected":false},"excerpt":{"rendered":"<p>Par Philippe Guillaumie Un chantier arch\u00e9ologique unique en Aquitaine Les fouilles, \u00e0 Ousse-Suzan (40), portent sur une structure exceptionnelle du Bas Empire romain La fosse s\u00e9pulcrale de plus de 1 600 ans d\u00e9couverte non loin de la chapelle de Suzan (Philippe Guillaumie) Longtemps \u00ab fig\u00e9s \u00bb par la for\u00eat, les sites arch\u00e9ologiques des Landes n\u2019ont <span class=\"ellipsis\">&hellip;<\/span> <span class=\"more-link-wrap\"><a href=\"https:\/\/clubdubalen.fr\/blog\/un-habitat-du-bas-empire-a-ousse-suzan-landes\/\" class=\"more-link\"><span>Read More &rarr;<\/span><\/a><\/span><\/p>\n","protected":false},"author":1,"featured_media":0,"comment_status":"open","ping_status":"open","sticky":false,"template":"","format":"standard","meta":[],"categories":[2,9],"tags":[],"_links":{"self":[{"href":"https:\/\/clubdubalen.fr\/blog\/wp-json\/wp\/v2\/posts\/136"}],"collection":[{"href":"https:\/\/clubdubalen.fr\/blog\/wp-json\/wp\/v2\/posts"}],"about":[{"href":"https:\/\/clubdubalen.fr\/blog\/wp-json\/wp\/v2\/types\/post"}],"author":[{"embeddable":true,"href":"https:\/\/clubdubalen.fr\/blog\/wp-json\/wp\/v2\/users\/1"}],"replies":[{"embeddable":true,"href":"https:\/\/clubdubalen.fr\/blog\/wp-json\/wp\/v2\/comments?post=136"}],"version-history":[{"count":2,"href":"https:\/\/clubdubalen.fr\/blog\/wp-json\/wp\/v2\/posts\/136\/revisions"}],"predecessor-version":[{"id":138,"href":"https:\/\/clubdubalen.fr\/blog\/wp-json\/wp\/v2\/posts\/136\/revisions\/138"}],"wp:attachment":[{"href":"https:\/\/clubdubalen.fr\/blog\/wp-json\/wp\/v2\/media?parent=136"}],"wp:term":[{"taxonomy":"category","embeddable":true,"href":"https:\/\/clubdubalen.fr\/blog\/wp-json\/wp\/v2\/categories?post=136"},{"taxonomy":"post_tag","embeddable":true,"href":"https:\/\/clubdubalen.fr\/blog\/wp-json\/wp\/v2\/tags?post=136"}],"curies":[{"name":"wp","href":"https:\/\/api.w.org\/{rel}","templated":true}]}}