{"id":995,"date":"2018-05-13T18:10:34","date_gmt":"2018-05-13T16:10:34","guid":{"rendered":"http:\/\/clubdubalen.fr\/blog\/?p=995"},"modified":"2018-05-16T23:08:41","modified_gmt":"2018-05-16T21:08:41","slug":"un-ouvrage-sur-le-domaine-de-certes-audenge-33","status":"publish","type":"post","link":"http:\/\/clubdubalen.fr\/blog\/un-ouvrage-sur-le-domaine-de-certes-audenge-33\/","title":{"rendered":"Un ouvrage sur le Domaine de Certes (Audenge, 33)"},"content":{"rendered":"<p>Lu dans Sud Ouest (source : <a href=\"https:\/\/www.sudouest.fr\/2018\/05\/11\/un-livre-sur-l-histoire-du-domaine-de-certes-5048171-2742.php?xtcr=2\">https:\/\/www.sudouest.fr\/2018\/05\/11\/un-livre-sur-l-histoire-du-domaine-de-certes-5048171-2742.php?xtcr=2<\/a>)<\/p>\n<blockquote>\n<h1 class=\"page-title\">Un livre sur l\u2019histoire du domaine de Certes<\/h1>\n<div class=\"details\">\n<div class=\"publishing\">Publi\u00e9 le <time datetime=\"2018-05-11T03:46:01+02:00\">11\/05\/2018 \u00e0 3h46<\/time> par <strong>St\u00e9phane Thierry<\/strong>.<\/div>\n<\/div>\n<aside class=\"article-social\"><\/aside>\n<div class=\"article-header\">\n<figure class=\" premium\"><img decoding=\"async\" src=\"https:\/\/images.sudouest.fr\/2018\/05\/11\/5af4f57366a4bd9e343ab286\/widescreen\/1000x500\/le-chateau-de-certes.jpg\" alt=\"Un livre sur l&amp;rsquo;histoire du domaine de Certes\" \/><figcaption class=\"caption\">\u00ab Le ch\u00e2teau \u00bb de Certes.<\/p>\n<div class=\"credits\">Photo St\u00e9phane Thierry<\/div>\n<\/figcaption><\/figure>\n<\/div>\n<h2 class=\"excerpt\">\u00ab\u00a0Histoire du Domaine de Certes\u00a0\u00bb sera pr\u00e9sent\u00e9, samedi 19 mai, \u00e0 la Villa Isabelle.<\/h2>\n<\/blockquote>\n<div class=\"full-content loaded\">\n<div class=\"article-body-wrapper\">\n<blockquote>\n<p class=\"lettrine\">La Soci\u00e9t\u00e9 historique et arch\u00e9ologique d\u2019Arcachon et du Pays de Buch (SHAAPB) pr\u00e9sentera un ouvrage consacr\u00e9 \u00e0 Certes, qui<!--more--> s\u2019intitule \u00ab\u00a0Histoire du Domaine de Certes\u00a0\u00bb, samedi 19 mai \u00e0 10 heures, \u00e0 la Villa Isabelle, sur les all\u00e9es de Boissi\u00e8re \u00e0 Audenge.<\/p>\n<p>Fran\u00e7oise Labassat, administratrice de la SHAAPB \u00e0 Audenge, sera entour\u00e9e des auteurs qui ont particip\u00e9 \u00e0 la r\u00e9daction de l\u2019ouvrage\u00a0: \u00ab\u00a0Il rapporte et analyse tout ce qui a contribu\u00e9 \u00e0 fa\u00e7onner ce lieu unique. Ce livre est riche en donn\u00e9es que les auteurs se sont attach\u00e9s \u00e0 rendre attrayantes et susceptibles d\u2019int\u00e9resser lecteurs et visiteurs\u00a0\u00bb.<\/p>\n<p>Parmi les auteurs de cet ouvrage, vendu 10 euros, figure Jean Yves Bout qui donnera \u00e0 10 h 30 une conf\u00e9rence sur Boissi\u00e8re, dont il est un \u00e9minent sp\u00e9cialiste.<\/p>\n<p>Cette pr\u00e9sentation, qui se fera dans le cadre des f\u00eates de la Saint-Yves, est aussi la troisi\u00e8me \u00e9tape des permanences itin\u00e9rantes de la SHAAPB. Les administrateurs en profiteront ainsi pour pr\u00e9senter les activit\u00e9s de la Soci\u00e9t\u00e9 historique, en continu jusqu\u2019\u00e0 18 heures.<\/p><\/blockquote>\n<p><img decoding=\"async\" loading=\"lazy\" class=\"alignnone size-large\" src=\"https:\/\/www.shaapb.fr\/media\/images\/2018\/05\/couvertures.jpg\" width=\"1006\" height=\"709\" \/><\/p>\n<\/div>\n<\/div>\n<p>&nbsp;<\/p>\n","protected":false},"excerpt":{"rendered":"<p>Lu dans Sud Ouest (source : https:\/\/www.sudouest.fr\/2018\/05\/11\/un-livre-sur-l-histoire-du-domaine-de-certes-5048171-2742.php?xtcr=2) Un livre sur l\u2019histoire du domaine de Certes Publi\u00e9 le 11\/05\/2018 \u00e0 3h46 par St\u00e9phane Thierry. \u00ab Le ch\u00e2teau \u00bb de Certes. Photo St\u00e9phane Thierry \u00ab\u00a0Histoire du Domaine de Certes\u00a0\u00bb sera pr\u00e9sent\u00e9, samedi 19 mai, \u00e0 la Villa Isabelle. La Soci\u00e9t\u00e9 historique et arch\u00e9ologique d\u2019Arcachon et du Pays <span class=\"ellipsis\">&hellip;<\/span> <span class=\"more-link-wrap\"><a href=\"http:\/\/clubdubalen.fr\/blog\/un-ouvrage-sur-le-domaine-de-certes-audenge-33\/\" class=\"more-link\"><span>Read More &rarr;<\/span><\/a><\/span><\/p>\n","protected":false},"author":1,"featured_media":0,"comment_status":"open","ping_status":"open","sticky":false,"template":"","format":"standard","meta":[],"categories":[67,3],"tags":[],"_links":{"self":[{"href":"http:\/\/clubdubalen.fr\/blog\/wp-json\/wp\/v2\/posts\/995"}],"collection":[{"href":"http:\/\/clubdubalen.fr\/blog\/wp-json\/wp\/v2\/posts"}],"about":[{"href":"http:\/\/clubdubalen.fr\/blog\/wp-json\/wp\/v2\/types\/post"}],"author":[{"embeddable":true,"href":"http:\/\/clubdubalen.fr\/blog\/wp-json\/wp\/v2\/users\/1"}],"replies":[{"embeddable":true,"href":"http:\/\/clubdubalen.fr\/blog\/wp-json\/wp\/v2\/comments?post=995"}],"version-history":[{"count":2,"href":"http:\/\/clubdubalen.fr\/blog\/wp-json\/wp\/v2\/posts\/995\/revisions"}],"predecessor-version":[{"id":1007,"href":"http:\/\/clubdubalen.fr\/blog\/wp-json\/wp\/v2\/posts\/995\/revisions\/1007"}],"wp:attachment":[{"href":"http:\/\/clubdubalen.fr\/blog\/wp-json\/wp\/v2\/media?parent=995"}],"wp:term":[{"taxonomy":"category","embeddable":true,"href":"http:\/\/clubdubalen.fr\/blog\/wp-json\/wp\/v2\/categories?post=995"},{"taxonomy":"post_tag","embeddable":true,"href":"http:\/\/clubdubalen.fr\/blog\/wp-json\/wp\/v2\/tags?post=995"}],"curies":[{"name":"wp","href":"https:\/\/api.w.org\/{rel}","templated":true}]}}