{"id":851,"date":"2017-02-25T21:31:28","date_gmt":"2017-02-25T20:31:28","guid":{"rendered":"http:\/\/clubdubalen.fr\/blog\/?p=851"},"modified":"2017-08-19T17:28:33","modified_gmt":"2017-08-19T15:28:33","slug":"le-patrimoine-pastoral-bearnais-enseigne-au-college-laruns-bearn-64","status":"publish","type":"post","link":"http:\/\/clubdubalen.fr\/blog\/le-patrimoine-pastoral-bearnais-enseigne-au-college-laruns-bearn-64\/","title":{"rendered":"Le patrimoine pastoral B\u00e9arnais enseign\u00e9 au coll\u00e8ge (Laruns, B\u00e9arn, 64)"},"content":{"rendered":"<p>Source : <a href=\"http:\/\/www.sudouest.fr\/2017\/02\/23\/en-bearn-la-langue-sifflee-des-bergers-revit-dans-un-college-de-laruns-3225802-4224.php?xtcr=2\">http:\/\/www.sudouest.fr\/2017\/02\/23\/en-bearn-la-langue-sifflee-des-bergers-revit-dans-un-college-de-laruns-3225802-4224.php?xtcr=2<\/a><!--more--><\/p>\n<blockquote>\n<h1 class=\"page-title\">En B\u00e9arn, la langue siffl\u00e9e des bergers revit au coll\u00e8ge de Laruns<\/h1>\n<div class=\"details\">\n<div class=\"publishing\">Publi\u00e9 le <time datetime=\"2017-02-24T14:47:19+01:00\">24\/02\/2017 \u00e0 14h47<\/time>. Mis \u00e0 jour <time datetime=\"2017-02-25T07:17:27+01:00\">le 25\/02\/2017<\/time> par <strong>Thomas Longu\u00e9<\/strong>.<\/div>\n<\/div>\n<aside class=\"article-social\"><\/aside>\n<div class=\"article-header\">\n<figure class=\"\"><img decoding=\"async\" src=\"http:\/\/images.sudouest.fr\/2017\/02\/23\/58affac466a4bd58547e46bd\/widescreen\/1000x500\/au-college-de-laruns-cette-etrange-langue-sifflee-a-revele-ses-bienfaits-pedagogiques-aupres-des-adolescents.jpg?v1\" alt=\"En B&amp;eacute;arn, la langue siffl&amp;eacute;e des bergers revit au coll&amp;egrave;ge de Laruns\" \/><figcaption class=\"caption\">Au coll\u00e8ge de Laruns, cette \u00e9trange langue siffl\u00e9e a r\u00e9v\u00e9l\u00e9 ses bienfaits p\u00e9dagogiques aupr\u00e8s des adolescents. (Quentin Top)<\/figcaption><\/figure>\n<\/div>\n<p>Les deux tiers des \u00e9l\u00e8ves de l\u2019\u00e9tablissement de Laruns, en vall\u00e9e d\u2019Ossau, apprennent goul\u00fbment et avec fiert\u00e9 le langage disparu des bergers du village d\u2019Aas<\/p><\/blockquote>\n<div class=\"full-content loaded\">\n<blockquote>\n<div class=\"article-body-wrapper\">\n<p><em>Les bergers du village d<a href=\"https:\/\/fr.wikipedia.org\/wiki\/Aas\">\u2019Aas<\/a>, en vall\u00e9e d\u2019Ossau, ont communiqu\u00e9 pendant des g\u00e9n\u00e9rations d\u2019un flanc de montagne \u00e0 l\u2019autre gr\u00e2ce \u00e0 une langue siffl\u00e9e. C\u2019est-\u00e0-dire une codification \u00e9labor\u00e9e qui associait une modulation de sifflement \u00e0 chaque lettre ou famille de lettres. <strong>Les temps modernes ont eu raison de cette culture ancestrale<\/strong> qu\u2019on retrouve en certains endroits d\u2019Europe et du monde.Comme dans l\u2019\u00eele canarienne de <a href=\"https:\/\/fr.wikipedia.org\/wiki\/La_Gomera\">La Gomera<\/a> (Espagne), o\u00f9 elle est enseign\u00e9e \u00e0 partir du cours \u00e9l\u00e9mentaire.<\/em><\/p>\n<p><strong>Red\u00e9couverte in extremis en 1959 <\/strong>par un chercheur de l\u2019Inra (voir les vid\u00e9os en fin d\u2019article), alors qu\u2019elle n\u2019\u00e9tait plus gu\u00e8re utilis\u00e9e, la langue siffl\u00e9e des bergers d\u2019Aas est enseign\u00e9e au coll\u00e8ge de Laruns depuis janvier 2015.L\u2019universit\u00e9 de Pau a aussi ouvert un cours en option de langue occitane et s\u2019appr\u00eate \u00e0 mettre cet enseignement en ligne.<\/p>\n<div class=\"fluid-width-video-wrapper\">\n<div class=\"fluid-width-video-wrapper\"><iframe loading=\"lazy\" id=\"fitvid164469\" src=\"http:\/\/www.dailymotion.com\/embed\/video\/x5d179b\" width=\"300\" height=\"150\" frameborder=\"0\" allowfullscreen=\"allowfullscreen\"><\/iframe><\/div>\n<p>Dans tout autre \u00e9tablissement scolaire de France ou de Navarre \u2013 n\u2019est-on pas en B\u00e9arn\u202f? \u2013, \u00e7a leur vaudrait de passer un mauvais quart d\u2019heure dans le bureau du principal, avec convocation des parents \u00e0 la cl\u00e9. Sauf qu\u2019au sein du coll\u00e8ge public Les Cinq Monts, \u00e0 Laruns, siffler \u00e0 tue-t\u00eate en plein cours, sous le regard bienveillant de leur professeur d\u2019occitan, Nina Roth, est une activit\u00e9 plus qu\u2019encourag\u00e9e\u00a0: elle figure au programme des deux tiers des 95 \u00e9l\u00e8ves.<\/p>\n<\/div>\n<h3><strong>\u00ab\u00a0Le plus difficile, c\u2019est de r\u00e9ussir \u00e0 sortir un bruit\u00a0\u00bb<\/strong><\/h3>\n<p>Aux 43 coll\u00e9giens <strong>en section bilingue fran\u00e7ais-occitan<\/strong> s\u2019ajoute la quinzaine d\u2019\u00e9l\u00e8ves inscrits en option occitan. Et il faut m\u00eame parfois compter avec quelque \u00ab\u00a0clandestin\u00a0\u00bb, comme l\u2019appelle la prof qui le reconna\u00eet \u00e0 la fa\u00e7on dont il approche l\u2019oreille de la porte de la classe.<\/p>\n<p>Parmi eux se trouvent bien quelques-uns, appareill\u00e9s dentaires ou pas, qui n\u2019arrivent pas encore \u00e0 tirer ces sifflements comme il en tombe dru des tribunes du stade Robert-Paparemborde quand, le dimanche, l\u2019Olympique Ossalois est \u00e0 c\u00f4t\u00e9 de ses crampons. Mais \u00e7a viendra, Nina en est certaine, citant le cas de Paul, \u00e9l\u00e8ve de quatri\u00e8me\u00a0: \u00ab\u00a0Il n\u2019avait pas \u00e9mis un son en un an et demi, mais une fois que c\u2019est sorti, il a acquis le niveau des autres en un mois.\u00a0\u00bb<\/p>\n<figure><img decoding=\"async\" src=\"http:\/\/images.sudouest.fr\/2017\/02\/23\/58b0103566a4bdfd477e46b9\/default\/le-plus-difficile-cest-de-reussir-a-sortir-un-bruit-apres-cest-pratiquement-gagne.jpg\" alt=\"&quot;Le plus difficile, c\u2019est de r\u00e9ussir \u00e0 sortir un bruit. Apr\u00e8s, c\u2019est pratiquement gagn\u00e9&quot;\" \/><figcaption class=\"caption\">\u00ab\u00a0Le plus difficile, c\u2019est de r\u00e9ussir \u00e0 sortir un bruit. Apr\u00e8s, c\u2019est pratiquement gagn\u00e9\u00a0\u00bb<\/p>\n<div class=\"credits\">Cr\u00e9dit photo\u00a0: Quentin Top<\/div>\n<\/figcaption><\/figure>\n<p>Baptiste, d\u2019Aste, l\u2019atteste en briscard\u00a0: <strong>\u00ab\u00a0Le plus difficile, c\u2019est de r\u00e9ussir \u00e0 sortir un bruit. Apr\u00e8s, c\u2019est pratiquement gagn\u00e9.\u00a0\u00bb<\/strong> Il est l\u2019un des plus \u00e0 l\u2019aise du lot et le montre en \u00ab\u00a0siulant\u00a0\u00bb la phrase\u00a0: \u00ab\u00a0H\u00f2u\u202f! Alexis\u202f! Porta tres botelhas de Coca e demanda t\u00e0 Enzo de viener\u00a0\u00bb (<em>\u00ab\u00a0Ho\u202f! Alexis, apporte trois bouteilles de Coca et dit \u00e0 Enzo de venir.\u00a0\u00bb<\/em>).<\/p>\n<p>Et \u00e0 propos de rugby, Baptiste explique qu\u2019avec les minimes de l\u2019Olympique, il est arriv\u00e9 un jour au m\u00eame Alexis de lui siffler de partir c\u00f4t\u00e9 ferm\u00e9, \u00e0 l\u2019insu de tous. L\u2019int\u00e9ress\u00e9 ajoute, pour illustrer l\u2019usage de la langue des bergers en dehors du coll\u00e8ge\u00a0: \u00ab\u00a0Lors des repas de famille, c\u2019est rare qu\u2019on ne nous demande pas de siffler.\u00a0\u00bb<\/p>\n<h3>La fiert\u00e9 de Titouan<\/h3>\n<p>\u00c0 Laruns, l\u2019apprentissage des \u00e9l\u00e8ves de cinqui\u00e8me bilingue se fait au cours de leurs deux heures d\u2019occitan hebdomadaires. Comme pour tout autre cours, celui-ci commence par l\u2019appel, son pr\u00e9nom constituant le premier mot qu\u2019on apprend \u00e0 siffler. S\u2019en suivent des jeux de r\u00f4le dans la salle aux tables dispos\u00e9es en carr\u00e9.<\/p>\n<blockquote class=\"float\"><p>D\u2019abord dubitative, la principale juge qu\u2019avec le langage siffl\u00e9 \u00ab\u00a0on tient une p\u00e9pite du point de vue p\u00e9dagogique\u00a0\u00bb<\/p><\/blockquote>\n<p><strong>Le r\u00e9sultat est bluffant<\/strong>. Alliant une jolie connaissance du b\u00e9arnais \u00e0 une belle technique siffl\u00e9e, Am\u00e9lia, pass\u00e9e par la <a href=\"http:\/\/www.calandreta-bearn.org\/federacion-calandreta\/?page_id=506\">Calandreta de Biost<\/a> (l\u2019\u00e9cole en occitan de B\u00e9ost), se mue en oiseau siffleur de la for\u00eat tropicale\u00a0: \u00ab\u00a0H\u00f2u\u202f! Louis, demanda t\u00e0 Alexis d\u2019aperar lo m\u00e8tge t\u00e0 Am\u00e9lia\u00a0\u00bb (<em>\u00ab\u00a0Ho\u202f! Louis, demande \u00e0 Alexis d\u2019appeler le m\u00e9decin pour Am\u00e9lia.\u00a0\u00bb <\/em>). Il y a de la fiert\u00e9 chez Titouan, d\u2019Aas\u00a0: \u00ab\u00a0Le grand-p\u00e8re de mon grand-p\u00e8re \u00e9tait berger siffleur.\u00a0\u00bb Chez Jade\u00a0: \u00ab\u00a0En sifflant, on se d\u00e9marque et l\u2019on fait revivre une langue qui \u00e9tait morte.\u00a0\u00bb<\/p>\n<p>Nina Roth fait fr\u00e9quemment entendre \u00e0 ses \u00e9l\u00e8ves les enregistrements siffl\u00e9s de Philippe Biu, le prof de fac expert en la mati\u00e8re (lire l\u2019encadr\u00e9 ci-dessous).<\/p>\n<figure><img decoding=\"async\" src=\"http:\/\/images.sudouest.fr\/2017\/02\/23\/58b015fd66a4bdd6087e46bd\/default\/philippe-biu-responsable-de-la-section-d-occitan-a-l-universite-de-pau-est-l-expert-de-reference-en-matiere-de-langue-sifflee.jpg\" alt=\"Philippe Biu, responsable de la section d'occitan \u00e0 l'universit\u00e9 de Pau, est l'expert de r\u00e9f\u00e9rence en mati\u00e8re de langue siffl\u00e9e.\" \/><figcaption class=\"caption\">Philippe Biu, responsable de la section d\u2019occitan \u00e0 l\u2019universit\u00e9 de Pau, est l\u2019expert de r\u00e9f\u00e9rence en mati\u00e8re de langue siffl\u00e9e.<\/p>\n<div class=\"credits\">Cr\u00e9dit photo\u00a0: Quentin Top<\/div>\n<\/figcaption><\/figure>\n<p>Il est plus difficile de comprendre ce que siffle l\u2019autre que de siffler soi-m\u00eame. Or, note l\u2019enseignante, <strong> \u00ab\u00a0les \u00e9l\u00e8ves s\u2019intercomprennent mieux que nous car ils sont habitu\u00e9s \u00e0 s\u2019\u00e9couter.\u00a0\u00bb<\/strong><\/p>\n<p>Dire que la principale des coll\u00e8ges de Laruns et d\u2019Arudy, \u00c9lise Coulon, \u00e9tait conquise d\u2019avance serait mentir. \u00ab\u00a0Quand on m\u2019a parl\u00e9 de langue siffl\u00e9e, en 2015, j\u2019\u00e9tais un peu dubitative, avoue-t-elle. En m\u00eame temps, je connaissais l\u2019enseignante qui pilotait le groupe et sa tr\u00e8s haute valeur p\u00e9dagogique. Aujourd\u2019hui, <strong>notre objectif est de mettre le langage siffl\u00e9 \u00e0 disposition de l\u2019apprentissage des autres langues<\/strong>, de l\u2019espagnol, de l\u2019occitan et, pourquoi pas, de l\u2019anglais. On est bien sur un projet de tressage des langues.\u00a0\u00bb<\/p>\n<figure><img decoding=\"async\" src=\"http:\/\/images.sudouest.fr\/2017\/02\/23\/58b0121366a4bddf347e46b3\/default\/il-est-plus-difficile-de-comprendre-ce-que-siffle-lautre-que-de-siffler-soi-meme.jpg\" alt=\"&quot;Il est plus difficile de comprendre ce que siffle l\u2019autre que de siffler soi-m\u00eame&quot;\" \/><figcaption class=\"caption\">\u00ab\u00a0Il est plus difficile de comprendre ce que siffle l\u2019autre que de siffler soi-m\u00eame\u00a0\u00bb<\/p>\n<div class=\"credits\">Cr\u00e9dit photo\u00a0: Quentin Top<\/div>\n<\/figcaption><\/figure>\n<p>La principale entrevoit aussi <strong>les bienfaits de la \u00ab\u00a0corporalit\u00e9\u00a0\u00bb de la langue des bergers<\/strong>. Car on siffle comme on chante\u00a0: debout, \u00e0 pleins poumons. En surmontant ses inhibitions, ce qui est un bel effort en plein \u00e2ge ado. Pour toutes ces raisons, elle consid\u00e8re qu\u2019avec le langage siffl\u00e9, \u00ab\u00a0on tient vraiment une p\u00e9pite du point de vue p\u00e9dagogique\u00a0\u00bb.<\/p>\n<h3>\u00c9change scolaire<\/h3>\n<p>Quelques coll\u00e9giens ont rencontr\u00e9 le \u00ab\u00a0d\u00e9couvreur\u00a0\u00bb des siffleurs d\u2019Aas. Dans un occitan impeccable, Ad\u00e8le raconte que Ren\u00e9-Guy Busnel (lire ci-contre) a tiqu\u00e9 en apprenant que, l\u00e0-bas, dans les Pyr\u00e9n\u00e9es, on tentait de faire entrer dans de jeunes t\u00eates un langage qui servait \u00e0 rentrer les vaches du temps o\u00f9 le t\u00e9l\u00e9phone portable n\u2019existait pas. <strong>\u00ab\u00a0Je crois qu\u2019il a un peu chang\u00e9 d\u2019avis quand on lui a montr\u00e9 qu\u2019on savait siffler\u00a0\u00bb<\/strong>, affirme-t-elle.<\/p>\n<div><\/div>\n<div class=\"fluid-width-video-wrapper\"><iframe loading=\"lazy\" id=\"fitvid365144\" src=\"http:\/\/www.dailymotion.com\/embed\/video\/xyv1il\" width=\"300\" height=\"150\" frameborder=\"0\" allowfullscreen=\"allowfullscreen\" data-mce-fragment=\"1\"><\/iframe><\/div>\n<p><a href=\"http:\/\/www.dailymotion.com\/video\/xyv1il_langage-siffle-aas_school\" target=\"_blank\" rel=\"noopener\">langage siffle Aas<\/a> <i>par <a href=\"http:\/\/www.dailymotion.com\/sibilinguae\" target=\"_blank\" rel=\"noopener\">sibilinguae<\/a><\/i>\u00c0 c\u00f4t\u00e9 de \u00ab\u00a0Raconte ta vall\u00e9e\u00a0\u00bb, un projet de documentaire Web dans toutes les langues pratiqu\u00e9es au coll\u00e8ge, il y a le r\u00eave d\u2019un \u00e9change avec les scolaires de La Gomera, l\u2019\u00eele des Canaries peupl\u00e9e de siffleurs.<\/p>\n<p>Voil\u00e0 pourquoi, en cours de langage siffl\u00e9 \u00e0 Laruns, Nina Roth ne s\u2019en \u00e9tonne plus\u00a0: m\u00eame les \u00e9l\u00e8ves d\u00e9crocheurs s\u2019accrochent\u202f!<\/p>\n<h3><strong>&gt;&gt; La langue siffl\u00e9e de La Gomera<\/strong><\/h3>\n<div>\n<div class=\"fluid-width-video-wrapper\"><iframe loading=\"lazy\" id=\"fitvid32829\" src=\"https:\/\/www.youtube.com\/embed\/UbVz_okyY3g?ecver=2\" width=\"300\" height=\"150\" frameborder=\"0\" allowfullscreen=\"allowfullscreen\" data-mce-fragment=\"1\"><\/iframe><\/div>\n<\/div>\n<div>\n<div class=\"fluid-width-video-wrapper\"><iframe loading=\"lazy\" id=\"fitvid297024\" src=\"https:\/\/www.youtube.com\/embed\/Wixdvufc6zM?ecver=2\" width=\"300\" height=\"150\" frameborder=\"0\" allowfullscreen=\"allowfullscreen\" data-mce-fragment=\"1\"><\/iframe><\/div>\n<\/div>\n<\/div>\n<div class=\"encart\">\n<h3>\u00c0 chaque lettre sa modulation<\/h3>\n<p>La langue siffl\u00e9e des bergers d\u2019Aas est bas\u00e9e sur une technique de transposition qui permet de s\u2019exprimer en \u00e9pelant les lettres de mots \u00e0 l\u2019aide de sifflements codifi\u00e9s. Il s\u2019agit de substituer aux voyelles a, e, i, o et u quatre modulations distinctes. Il en va de m\u00eame pour des groupes de consonnes, sachant que, par exemple, pain (\u00ab\u00a0pan\u00a0\u00bb) et chien (\u00ab\u00a0can\u00a0\u00bb) se sifflent de mani\u00e8re identique, le contexte et l\u2019intuitivit\u00e9 permettant de comprendre le sens exact de la phrase.<\/p>\n<\/div>\n<\/blockquote>\n<div class=\"encart\">\n<blockquote>\n<h3>\u00c9galement \u00e0 la fac, bient\u00f4t sur le Net<\/h3>\n<p>Ses doigts dans la bouche comme un gavroche, le sifflement strident qu\u2019\u00e9met Bernard Miqueu, 65 ans, l\u2019un des \u00e9tudiants siffleurs, d\u00e9chire l\u2019air de l\u2019amphi de la fac de lettres de Pau. Et quelques paires de tympans pr\u00e9sents. C\u2019est jour de rentr\u00e9e pour la session de langage siffl\u00e9. Deux dames de l\u2019Universit\u00e9 du temps libre, assises dans les trav\u00e9es, l\u2019ignoraient\u202f; \u00e0 pr\u00e9sent, elles le savent, alors que Bernard Miqueu se tourne vers elles\u00a0: \u00ab\u00a0On peut monter jusqu\u2019\u00e0 140 d\u00e9cibels, vous savez.\u00a0\u00bb<br \/>\nPour elles, Bernard venait de moduler \u00ab\u00a0Adishatz\u00a0\u00bb, le terme de salutation le plus courant en b\u00e9arnais-gascon. Car c\u2019est dans cette langue que sifflaient jadis les fameux bergers d\u2019Aas, un hameau des Eaux-Bonnes, en vall\u00e9e d\u2019Ossau. Servis par la configuration de leur montagne verte, ils pouvaient dialoguer jusqu\u2019\u00e0 2,5 km de distance. Et c\u2019est \u00e9galement en b\u00e9arnais qu\u2019elle rena\u00eet de ses cendres, dix-huit ans apr\u00e8s qu\u2019a disparu son ultime locuteur ossalois, qui \u00e9tait une locutrice\u00a0: Anne dite N\u00e9tou Palas, n\u00e9e Carrerette, d\u00e9c\u00e9d\u00e9e le 25 octobre 1999.<br \/>\nLa langue de N\u00e9tou, la berg\u00e8re d\u2019Aas, pr\u00e9sente sur une plateforme Net universelle, qui l\u2019aurait imagin\u00e9\u202f? Pas m\u00eame le scientifique Ren\u00e9-Guy Busnel, sans qui ce parler sp\u00e9cifique se serait \u00e9teint dans l\u2019indiff\u00e9rence. En 1959, cet acousticien, aujourd\u2019hui \u00e2g\u00e9 de 102 ans, r\u00e9v\u00e9la au monde l\u2019existence de ce singulier langage siffl\u00e9 qui \u00e9tait en voie d\u2019extinction.<br \/>\n<strong>Occitan, option siffl\u00e9<\/strong><br \/>\nIl existe quelque 6\u2005000 langues de par le vaste monde, dont 60 \u00e0 80 sont siffl\u00e9es, explique Philippe Biu, professeur d\u2019occitan et de langue siffl\u00e9e. C\u2019est en 2006, dans l\u2019archipel des Canaries, au large du sud du Maroc, qu\u2019un enseignant b\u00e9arnais \u00e0 la retraite, G\u00e9rard Pucheu, est all\u00e9 rechercher sur l\u2019\u00eele de La Gomera la technique oubli\u00e9e, tel un Indiana Jones aventurier de la langue perdue. Le silbo gomero, class\u00e9 au Patrimoine immat\u00e9riel de l\u2019humanit\u00e9, y est enseign\u00e9 d\u00e8s le cours pr\u00e9paratoire.<br \/>\nUne d\u00e9cennie plus tard, l\u2019universit\u00e9 de Pau et des Pays de l\u2019Adour est la seule en Europe \u00e0 proposer un tel enseignement, en compl\u00e9ment aux options de langue occitane. Philippe Biu initie une poign\u00e9e d\u2019\u00e9l\u00e8ves \u00e0 cette discipline a priori peu acad\u00e9mique. Elle est en passe de devenir une mati\u00e8re optionnelle, via sa mise en ligne sur la plate-forme num\u00e9rique Mook\u00a0: \u00ab\u00a0Le langage siffl\u00e9 pourra ainsi \u00eatre choisi par n\u2019importe quel \u00e9tudiant\u00a0\u00bb, se r\u00e9jouit Philipe Biu, qui a d\u00e9j\u00e0 eu des contacts avec des \u00e9l\u00e8ves \u00e9trangers, am\u00e9ricains en particulier.<br \/>\nMais, \u00e0 la notable exception de Bernard, qui vient de prendre la pr\u00e9sidence de l\u2019association Lo Siular d\u2019Aas (1), il s\u2019av\u00e8re que la plupart des \u00e9tudiants int\u00e9ress\u00e9s par le langage siffl\u00e9 ne parlent pas l\u2019occitan. Aussi, Philippe Biu pr\u00e9f\u00e8re-t-il modestement parler d\u2019atelier de pratique \u00e0 propos de cette option libre.<br \/>\n<em>(1) Se prononce \u00ab\u00a0lou sioula d\u2019Aas\u00a0\u00bb, \u00ab\u00a0le siffleur d\u2019Aas\u00a0\u00bb en b\u00e9arnais d\u2019Ossau. Dans le reste du B\u00e9arn siffler se dit plut\u00f4t \u00ab\u00a0shiular\u00a0\u00bb (\u00ab\u00a0chioula\u00a0\u00bb).<\/em><\/p><\/blockquote>\n<\/div>\n<\/div>\n","protected":false},"excerpt":{"rendered":"<p>Source : http:\/\/www.sudouest.fr\/2017\/02\/23\/en-bearn-la-langue-sifflee-des-bergers-revit-dans-un-college-de-laruns-3225802-4224.php?xtcr=2<\/p>\n","protected":false},"author":1,"featured_media":0,"comment_status":"open","ping_status":"open","sticky":false,"template":"","format":"standard","meta":[],"categories":[2,67],"tags":[],"_links":{"self":[{"href":"http:\/\/clubdubalen.fr\/blog\/wp-json\/wp\/v2\/posts\/851"}],"collection":[{"href":"http:\/\/clubdubalen.fr\/blog\/wp-json\/wp\/v2\/posts"}],"about":[{"href":"http:\/\/clubdubalen.fr\/blog\/wp-json\/wp\/v2\/types\/post"}],"author":[{"embeddable":true,"href":"http:\/\/clubdubalen.fr\/blog\/wp-json\/wp\/v2\/users\/1"}],"replies":[{"embeddable":true,"href":"http:\/\/clubdubalen.fr\/blog\/wp-json\/wp\/v2\/comments?post=851"}],"version-history":[{"count":2,"href":"http:\/\/clubdubalen.fr\/blog\/wp-json\/wp\/v2\/posts\/851\/revisions"}],"predecessor-version":[{"id":885,"href":"http:\/\/clubdubalen.fr\/blog\/wp-json\/wp\/v2\/posts\/851\/revisions\/885"}],"wp:attachment":[{"href":"http:\/\/clubdubalen.fr\/blog\/wp-json\/wp\/v2\/media?parent=851"}],"wp:term":[{"taxonomy":"category","embeddable":true,"href":"http:\/\/clubdubalen.fr\/blog\/wp-json\/wp\/v2\/categories?post=851"},{"taxonomy":"post_tag","embeddable":true,"href":"http:\/\/clubdubalen.fr\/blog\/wp-json\/wp\/v2\/tags?post=851"}],"curies":[{"name":"wp","href":"https:\/\/api.w.org\/{rel}","templated":true}]}}