{"id":845,"date":"2017-01-09T22:40:30","date_gmt":"2017-01-09T21:40:30","guid":{"rendered":"http:\/\/clubdubalen.fr\/blog\/?p=845"},"modified":"2017-08-19T17:30:20","modified_gmt":"2017-08-19T15:30:20","slug":"histoire-oloronaise-oloron-bearn-64","status":"publish","type":"post","link":"http:\/\/clubdubalen.fr\/blog\/histoire-oloronaise-oloron-bearn-64\/","title":{"rendered":"Histoire oloronaise (Oloron, B\u00e9arn, 64)"},"content":{"rendered":"<p>Oloron nous invite \u00e0 un voyage dans le temps \u00e0 travers un document exceptionnel. Sud-Ouest relate cet \u00e9v\u00e8nement (source : <a href=\"http:\/\/www.sudouest.fr\/2017\/01\/07\/connaissez-vous-le-plus-ancien-texte-de-la-ville-3084617-4321.php\">http:\/\/www.sudouest.fr\/2017\/01\/07\/connaissez-vous-le-plus-ancien-texte-de-la-ville-3084617-4321.php<\/a>). Evidemment, ce sera l&rsquo;occasion de <!--more-->se replonger dans les actes du colloque sur Oloron intitul\u00e9s \u00ab\u00a0D&rsquo;Iluro \u00e0 Oloron Sainte Marie, un mill\u00e9naire d&rsquo;histoire\u00a0\u00bb, sous la direction de Dany Barraud et Fran\u00e7ois R\u00e9chin et parus aux \u00e9ditions Aquitania.<\/p>\n<blockquote>\n<h1 class=\"page-title\">Connaissez-vous\u2026 le plus ancien texte de la ville\u202f?<\/h1>\n<div class=\"details\">\n<div class=\"btn btn-large btn-premium visible-premium-inline-block\">Publi\u00e9 le <time datetime=\"2017-01-07T03:35:41+01:00\">07\/01\/2017 \u00e0 3h35<\/time>.<\/div>\n<\/div>\n<p><a class=\"btn btn-blue btn-large btn-comment\" href=\"http:\/\/www.sudouest.fr\/2017\/01\/07\/connaissez-vous-le-plus-ancien-texte-de-la-ville-3084617-4321.php?xtcr=2#article-comments\">\u00a0<\/a><\/p>\n<div class=\"article-header\">\n<figure class=\"\"><img decoding=\"async\" src=\"http:\/\/images.sudouest.fr\/2017\/01\/07\/5870533b66a4bd445af1465b\/widescreen\/1000x500\/laetitia-herbaux-laffargue-au-moment-de-manipuler-le-cartulaire-prend-toutes-les-precautions-des-gants-pas-trop-de-lumiere-directe-pour-le-vieux-document-et-surtout-pas-de-flash.jpg\" alt=\"Connaissez-vous&amp;hellip; le plus ancien texte de la ville&amp;#8239;?\" \/><figcaption class=\"caption\">Laetitia Herbaux-Laffargue, au moment de manipuler le cartulaire, prend toutes les pr\u00e9cautions : des gants, pas trop de lumi\u00e8re directe pour le vieux document, et surtout pas de flash.<\/p>\n<div class=\"credits\">photo \u00e9. c.<\/div>\n<\/figcaption><\/figure>\n<\/div>\n<h2 class=\"excerpt\">L\u2019exposition \u00ab\u00a0\u00c9changes en Pyr\u00e9n\u00e9es b\u00e9arnaises\u00a0\u00bb pr\u00e9sente un document d\u2019un grand int\u00e9r\u00eat, vieux de plus de dix si\u00e8cles\u2026.<\/h2>\n<\/blockquote>\n<div class=\"full-content loaded\">\n<div class=\"article-body-wrapper\">\n<blockquote><p>\u00e9tienne czernecka &#8211; e.czernecka@sudouest.fr<\/p>\n<p>Les Oloronais ne le connaissent pas, et pour cause\u202f! Depuis le 7 d\u00e9cembre, un objet de grande valeur \u2013 historique s\u2019entend \u2013 est pr\u00e9sent\u00e9 \u00e0 la Villa du pays d\u2019art et d\u2019histoire, \u00e0 l\u2019occasion d\u2019une exposition temporaire qui traite des \u00ab\u00a0\u00c9changes en Pyr\u00e9n\u00e9es b\u00e9arnaises\u00a0\u00bb. Initi\u00e9e \u00e0 partir de travaux qui avaient \u00e9t\u00e9 r\u00e9alis\u00e9s lors de l\u2019\u00e9laboration de l\u2019exposition permanente de la m\u00eame Villa, elle a \u00e9t\u00e9 pens\u00e9e par Laetitia Herbaux-Laffargue, qui occupe le poste de d\u00e9veloppeur culturel et de programmatrice au sein de ce service de la Communaut\u00e9 de communes du Pi\u00e9mont oloronais.<\/p>\n<p>\u00ab\u00a0L\u2019id\u00e9e \u00e9tait d\u2019approfondir certains aspects de l\u2019exposition permanente qui n\u2019avaient pas pu \u00eatre approfondis \u00e0 l\u2019\u00e9poque\u00a0\u00bb, explique cette passionn\u00e9e d\u2019histoire. Depuis le mois de septembre, elle a planch\u00e9 sur un pan tr\u00e8s large de l\u2019histoire b\u00e9arnaise, puisque l\u2019exposition retrace les \u00e9changes au sein des Pyr\u00e9n\u00e9es depuis la pr\u00e9histoire.<\/p>\n<p><strong>Naissance de la ville des eaux<\/strong><\/p>\n<p>\u00ab\u00a0Il existe une multitude de liens entre les peuples au cours de l\u2019histoire autour de cette fronti\u00e8re avec l\u2019Espagne, tant que cette fronti\u00e8re est finalement presque devenue symbolique\u00a0\u00bb, poursuit Laetitia Herbaux-Laffargue. On apprendra notamment, au cours de la visite, combien ont \u00e9t\u00e9 fournis les \u00e9changes commerciaux entre B\u00e9arn et Aragon d\u00e8s le Moyen \u00c2ge, et que les influences se retrouvent de part et d\u2019autre des Pyr\u00e9n\u00e9es.<\/p>\n<p>Ou encore comment la ville d\u2019Oloron \u2013 appel\u00e9e Iluro d\u00e8s l\u2019Antiquit\u00e9, ce qui signifie, comme chacun sait (ou pas), \u00ab\u00a0la ville des eaux\u00a0\u00bb \u2013 a \u00e9t\u00e9 fond\u00e9e et s\u2019est d\u00e9velopp\u00e9e, jusqu\u2019\u00e0 devenir un axe majeur des relations entre la France et l\u2019Espagne, dont les r\u00e9percussions, notamment avec la fuite des r\u00e9publicains espagnols, accueillis \u00e0 Oloron par Jean Mendiondou, sont toujours visibles. Et justement. Puisque l\u2019on parle de la cr\u00e9ation de la ville, il est temps de revenir sur cet objet, pr\u00e9sent\u00e9 pour la premi\u00e8re fois \u00e0 Oloron, et qui porte le nom de cartulaire.<\/p>\n<p><strong>L\u2019acte fondateur d\u2019Oloron<\/strong><\/p>\n<p>Sa grande importance vient du fait qu\u2019il est, \u00e0 peu de choses pr\u00e8s, l\u2019acte fondateur d\u2019Oloron. \u00ab\u00a0C\u2019est un manuscrit qui regroupe tous les textes de loi d\u2019une cit\u00e9, explique Laetitia Herbaux-Laffargue. Celui-ci date du XVIe si\u00e8cle, et retranscrit un document plus ancien, qui lui date du XIe si\u00e8cle.\u00a0\u00bb<\/p>\n<p>Ce manuscrit, qui a \u00e9t\u00e9 red\u00e9couvert par l\u2019historien Jacques Dumonteil en 1976, lorsqu\u2019il entreprit un inventaire des archives de la ville, \u00e9tait rest\u00e9 depuis conserv\u00e9 sans que les Oloronais ne puissent le voir.<\/p>\n<p>\u00ab\u00a0Moi je l\u2019avais d\u00e9j\u00e0 vu, raconte, pas peu fi\u00e8re, la programmatrice. Il faut savoir que l\u2019on a de petits tr\u00e9sors comme cela et nous avions \u00e0 c\u0153ur de le montrer. C\u2019est d\u2019ailleurs une chance que la Ville l\u2019ait conserv\u00e9 dans ses propres archives, car la plupart des communes font souvent un d\u00e9p\u00f4t aux archives d\u00e9partementales.\u00a0\u00bb<\/p>\n<p>Le petit bijou est donc \u00e0 voir \u00e0 la Villa du pays d\u2019art et d\u2019histoire jusqu\u2019au 28 f\u00e9vrier. T\u00e9l. 05 64 19 00 10.<\/p><\/blockquote>\n<\/div>\n<\/div>\n","protected":false},"excerpt":{"rendered":"<p>Oloron nous invite \u00e0 un voyage dans le temps \u00e0 travers un document exceptionnel. Sud-Ouest relate cet \u00e9v\u00e8nement (source : http:\/\/www.sudouest.fr\/2017\/01\/07\/connaissez-vous-le-plus-ancien-texte-de-la-ville-3084617-4321.php). Evidemment, ce sera l&rsquo;occasion de<\/p>\n","protected":false},"author":1,"featured_media":0,"comment_status":"open","ping_status":"open","sticky":false,"template":"","format":"standard","meta":[],"categories":[2,67],"tags":[],"_links":{"self":[{"href":"http:\/\/clubdubalen.fr\/blog\/wp-json\/wp\/v2\/posts\/845"}],"collection":[{"href":"http:\/\/clubdubalen.fr\/blog\/wp-json\/wp\/v2\/posts"}],"about":[{"href":"http:\/\/clubdubalen.fr\/blog\/wp-json\/wp\/v2\/types\/post"}],"author":[{"embeddable":true,"href":"http:\/\/clubdubalen.fr\/blog\/wp-json\/wp\/v2\/users\/1"}],"replies":[{"embeddable":true,"href":"http:\/\/clubdubalen.fr\/blog\/wp-json\/wp\/v2\/comments?post=845"}],"version-history":[{"count":2,"href":"http:\/\/clubdubalen.fr\/blog\/wp-json\/wp\/v2\/posts\/845\/revisions"}],"predecessor-version":[{"id":887,"href":"http:\/\/clubdubalen.fr\/blog\/wp-json\/wp\/v2\/posts\/845\/revisions\/887"}],"wp:attachment":[{"href":"http:\/\/clubdubalen.fr\/blog\/wp-json\/wp\/v2\/media?parent=845"}],"wp:term":[{"taxonomy":"category","embeddable":true,"href":"http:\/\/clubdubalen.fr\/blog\/wp-json\/wp\/v2\/categories?post=845"},{"taxonomy":"post_tag","embeddable":true,"href":"http:\/\/clubdubalen.fr\/blog\/wp-json\/wp\/v2\/tags?post=845"}],"curies":[{"name":"wp","href":"https:\/\/api.w.org\/{rel}","templated":true}]}}