{"id":823,"date":"2016-10-10T20:41:57","date_gmt":"2016-10-10T18:41:57","guid":{"rendered":"http:\/\/clubdubalen.fr\/blog\/?p=823"},"modified":"2017-08-19T17:33:57","modified_gmt":"2017-08-19T15:33:57","slug":"les-bastides-au-coeur-dun-forum-medieval-navarrenx-bearn-64","status":"publish","type":"post","link":"http:\/\/clubdubalen.fr\/blog\/les-bastides-au-coeur-dun-forum-medieval-navarrenx-bearn-64\/","title":{"rendered":"Les bastides au c\u0153ur d&rsquo;un forum m\u00e9di\u00e9val (Navarrenx, B\u00e9arn, 64)"},"content":{"rendered":"<p>Un programme int\u00e9ressant pr\u00e9vu autour de la question des bastides (source : <a href=\"http:\/\/www.sudouest.fr\/2016\/10\/10\/les-libertes-au-temps-des-bastides-2529161-4316.php\">http:\/\/www.sudouest.fr\/2016\/10\/10\/les-libertes-au-temps-des-bastides-2529161-4316.php<\/a>) :<!--more--><\/p>\n<blockquote>\n<h1 class=\"title extra-large bitter entry-title\">Les libert\u00e9s au temps des bastides<\/h1>\n<div class=\"thema-links-inline\"><span class=\"publishing\"> <span class=\"downfrom-tablet\">Publi\u00e9<\/span> <time class=\"published downfrom-tablet\" datetime=\"2016-10-10T03:41:10\"> le 10\/10\/2016 . <\/time> Mis \u00e0 jour <time class=\"updated\" datetime=\"\"> le <\/time> par <span class=\"author\"> Jean Subercazes <\/span> <\/span><\/div>\n<\/blockquote>\n<section class=\"article \">\n<blockquote>\n<figure class=\"hmedia marged-bottom\"><img decoding=\"async\" class=\"photo aligncenter\" src=\"http:\/\/images.sudouest.fr\/images\/2016\/10\/10\/2529161_155_15813773_1000x500.jpg?v=1\" alt=\"Le pont du XIIIe si\u00e8cle ouvrait sur le commerce de la bastide.\" \/><figcaption><span class=\"fn\">Le pont du XIIIe si\u00e8cle ouvrait sur le commerce de la bastide.<\/span> <em> \u00a9<\/em><\/p>\n<div class=\"contributor vcard\">\n<div class=\"fn\">Ph. J. S.<\/div>\n<\/div>\n<\/figcaption><\/figure>\n<\/blockquote>\n<div class=\"entry-content\">\n<blockquote><p><span class=\"lettrine\">C<\/span>e samedi 15 et dimanche 16 octobre, Navarrenx sera le cadre d&rsquo;un grand forum m\u00e9di\u00e9val sous le th\u00e8me des libert\u00e9s \u00e0 l&rsquo;\u00e9poque des bastides. L&rsquo;association Bastides 64, porteur du projet, sera \u00e9paul\u00e9e par la Soci\u00e9t\u00e9 des sciences des lettres et des arts, la F\u00e9d\u00e9ration des bastides d&rsquo;Aquitaine, le Pays d&rsquo;art et d&rsquo;histoire, le Conseil d\u00e9partemental, la Communaut\u00e9 de communes et la municipalit\u00e9 locale.<\/p>\n<p><strong>Plusieurs conf\u00e9rences<\/strong><\/p>\n<p>Samedi, l&rsquo;accueil se fera d\u00e8s 8 h 30, (caf\u00e9 offert) \u00e0 la mairie de Navarrenx, suivi de 9 \u00e0 17 heures, d&rsquo;une s\u00e9rie de conf\u00e9rences. Le lendemain, le dimanche, rendez-vous devant la mairie pour une visite guid\u00e9e men\u00e9e par C\u00e9cile Tison, animatrice du pays d&rsquo;Art et d&rsquo;histoire.<\/p>\n<p>De plus, au cours de quatre conf\u00e9rences, des historiens exploreront le th\u00e8me des libert\u00e9s au Moyen \u00c2ge. Les connaissances ont beaucoup \u00e9volu\u00e9 ces derni\u00e8res d\u00e9cennies. Pour Navarrenx, comment le r\u00f4le militaire impos\u00e9 \u00e0 la ville par la strat\u00e9gie des princes a-t-il \u00e9t\u00e9 v\u00e9cu par les habitants ?<\/p>\n<p>Seront pr\u00e9sents Monique Bourin, m\u00e9di\u00e9viste de renomm\u00e9e internationale ; Mireille Mousnier, sp\u00e9cialiste des bastides ; Beno\u00eet Cursente, m\u00e9di\u00e9viste et directeur de recherches au CNRS, et Thierry Issartel, chercheur associ\u00e9 \u00e0 l&rsquo;UPPA.<\/p>\n<p>Ces journ\u00e9es sont ouvertes \u00e0 tous mais il faut s&rsquo;inscrire pour les conf\u00e9rences par mail \u00e0 forumnavarrenx2016@gmail.com ou par lettre \u00e0 Forum M\u00e9di\u00e9val ; mairie ; 64190 Navarrenx. La participation aux conf\u00e9rences et \u00e0 la visite du dimanche est gratuite ; le prix du repas du samedi midi ( 15 \u20ac) sera payable sur place.<\/p><\/blockquote>\n<\/div>\n<\/section>\n","protected":false},"excerpt":{"rendered":"<p>Un programme int\u00e9ressant pr\u00e9vu autour de la question des bastides (source : http:\/\/www.sudouest.fr\/2016\/10\/10\/les-libertes-au-temps-des-bastides-2529161-4316.php) :<\/p>\n","protected":false},"author":1,"featured_media":0,"comment_status":"open","ping_status":"open","sticky":false,"template":"","format":"standard","meta":[],"categories":[2,67],"tags":[],"_links":{"self":[{"href":"http:\/\/clubdubalen.fr\/blog\/wp-json\/wp\/v2\/posts\/823"}],"collection":[{"href":"http:\/\/clubdubalen.fr\/blog\/wp-json\/wp\/v2\/posts"}],"about":[{"href":"http:\/\/clubdubalen.fr\/blog\/wp-json\/wp\/v2\/types\/post"}],"author":[{"embeddable":true,"href":"http:\/\/clubdubalen.fr\/blog\/wp-json\/wp\/v2\/users\/1"}],"replies":[{"embeddable":true,"href":"http:\/\/clubdubalen.fr\/blog\/wp-json\/wp\/v2\/comments?post=823"}],"version-history":[{"count":2,"href":"http:\/\/clubdubalen.fr\/blog\/wp-json\/wp\/v2\/posts\/823\/revisions"}],"predecessor-version":[{"id":891,"href":"http:\/\/clubdubalen.fr\/blog\/wp-json\/wp\/v2\/posts\/823\/revisions\/891"}],"wp:attachment":[{"href":"http:\/\/clubdubalen.fr\/blog\/wp-json\/wp\/v2\/media?parent=823"}],"wp:term":[{"taxonomy":"category","embeddable":true,"href":"http:\/\/clubdubalen.fr\/blog\/wp-json\/wp\/v2\/categories?post=823"},{"taxonomy":"post_tag","embeddable":true,"href":"http:\/\/clubdubalen.fr\/blog\/wp-json\/wp\/v2\/tags?post=823"}],"curies":[{"name":"wp","href":"https:\/\/api.w.org\/{rel}","templated":true}]}}