{"id":735,"date":"2016-06-20T13:06:36","date_gmt":"2016-06-20T11:06:36","guid":{"rendered":"http:\/\/clubdubalen.fr\/blog\/?p=735"},"modified":"2017-08-19T17:50:04","modified_gmt":"2017-08-19T15:50:04","slug":"excisum-eysses-47-cest-reparti","status":"publish","type":"post","link":"http:\/\/clubdubalen.fr\/blog\/excisum-eysses-47-cest-reparti\/","title":{"rendered":"Excisum (Eysses, 47) : c&rsquo;est reparti !"},"content":{"rendered":"<p>Double actualit\u00e9 pour le site antique d&rsquo;Excisum (Eysses, Lot-et-Garonne) : reprise des fouilles programm\u00e9es sous la direction de l&rsquo;universitaire Alain Bouet et projets sc\u00e9nographiques\/mus\u00e9ographiques pour les vestiges d\u00e9j\u00e0 exhum\u00e9s.<\/p>\n<p>Source de l&rsquo;article ci-dessous : Sud Ouest (<a href=\"http:\/\/www.sudouest.fr\/2016\/06\/20\/les-fouilles-reprennent-a-la-moindre-eclaircie-2406398-3900.php\">http:\/\/www.sudouest.fr\/2016\/06\/20\/les-fouilles-reprennent-a-la-moindre-eclaircie-2406398-3900.php<\/a>)<!--more--><\/p>\n<blockquote>\n<h1 class=\"title extra-large bitter entry-title\">Les fouilles reprennent \u00e0 la moindre \u00e9claircie<\/h1>\n<div class=\"thema-links-inline\"><span class=\"publishing\"> <span class=\"downfrom-tablet\">Publi\u00e9<\/span> <time class=\"published downfrom-tablet\" datetime=\"2016-06-20T08:48:19\"> le 20\/06\/2016 . <\/time> Mis \u00e0 jour <time class=\"updated\" datetime=\"\"> le <\/time> par <span class=\"author\"> A. B. <\/span> <\/span><\/div>\n<\/blockquote>\n<section class=\"article \">\n<blockquote>\n<figure class=\"hmedia marged-bottom\"><img decoding=\"async\" class=\"photo\" src=\"http:\/\/images.sudouest.fr\/images\/2016\/06\/20\/2406398_808_14448109_1000x500.jpg?v=1\" alt=\"Les fouilles ont \u00e9t\u00e9 r\u00e9guli\u00e8rement interrompues par les averses, obligeant \u00e0 prot\u00e9ger le site avec des b\u00e2ches.\" \/><figcaption><span class=\"fn\">Les fouilles ont \u00e9t\u00e9 r\u00e9guli\u00e8rement interrompues par les averses, obligeant \u00e0 prot\u00e9ger le site avec des b\u00e2ches.<\/span> <em><em> \u00a9photo a. B.<\/em><\/em><\/figcaption><\/figure>\n<h2 class=\"entry-summary\">Alain Bouet et ses \u00e9tudiants sont de retour sur le site d\u2019Eysses pour une 5e campagne.<\/h2>\n<\/blockquote>\n<div class=\"entry-content\">\n<blockquote><p><span class=\"lettrine\">S<\/span>a silhouette est d\u00e9sormais connue sur Eysses. Chaque ann\u00e9e, Alain Bouet prend ses quartiers d&rsquo;\u00e9t\u00e9 en Lot-et-Garonne, quelques jours avant la F\u00eate de la musique. \u00ab Nous avons fini de fouiller du c\u00f4t\u00e9 du sanctuaire, nous allons pouvoir nous attaquer au quartier des habitations \u00bb, explique l&rsquo;universitaire toulousain qui, en 2012, a relanc\u00e9 les fouilles sur ce site d\u00e9couvert il y a une trentaine d&rsquo;ann\u00e9es, et qui encercle l&rsquo;actuelle caserne des sapeurs-pompiers.<\/p>\n<p>\u00ab \u00c9videmment, nous pouvons chaque ann\u00e9e travailler dans des conditions mat\u00e9rielles id\u00e9ales gr\u00e2ce \u00e0 la mairie : les terrains lui appartiennent \u00bb, pr\u00e9cise-t-il, alors qu&rsquo;un nouveau contrat triennal a \u00e9t\u00e9 sign\u00e9 l&rsquo;an pass\u00e9 avec la municipalit\u00e9.<\/p>\n<p>Excisum ferait partie des dix plus beaux sites en France, mais il reste encore quelques campagnes de fouilles \u00e0 entreprendre\u2026 \u00ab En tout cas, j&rsquo;avais un peu peur que les vestiges aient souffert cet hiver, sous les b\u00e2ches qui les prot\u00e8gent, mais j&rsquo;ai \u00e9t\u00e9 agr\u00e9ablement surpris. \u00bb<\/p>\n<p>Un mus\u00e9e enrichi<\/p>\n<p>Apr\u00e8s avoir accueilli le colloque d&rsquo;arch\u00e9ologues Aquitania l&rsquo;ann\u00e9e derni\u00e8re, Villeneuve-sur-Lot attire toujours autant d&rsquo;\u00e9tudiants et de b\u00e9n\u00e9voles, pour une campagne de fouilles qui se prolonge en g\u00e9n\u00e9ral sur trois semaines, et qui prendra fin le 16 juillet. \u00ab Le fait de commencer tous les ans la nouvelle campagne de fouilles en m\u00eame temps que la F\u00eate nationale de l&rsquo;arch\u00e9ologie, \u00e7a cr\u00e9er une dynamique, notamment avec l&rsquo;espace mus\u00e9e. \u00bb Celui-ci se visitait gratuitement ce week-end, m\u00eame si Marie-Laure Mar\u00e9chal et Jean-Michel Garnier, le responsable du mus\u00e9e, envisagent une restructuration des collections pour mettre en valeur le r\u00e9sultat des derni\u00e8res campagnes de fouilles.<\/p><\/blockquote>\n<\/div>\n<\/section>\n<p>Source de l&rsquo;article ci-dessous : La D\u00e9p\u00eache (<a href=\"http:\/\/www.ladepeche.fr\/article\/2016\/06\/20\/2368960-les-grands-projets-du-site-d-excisum.html\">http:\/\/www.ladepeche.fr\/article\/2016\/06\/20\/2368960-les-grands-projets-du-site-d-excisum.html<\/a>)<\/p>\n<header id=\"header_article\">\n<blockquote><p><time class=\"date\" datetime=\"2016-06-20T03:50:55+02:00\">Publi\u00e9 le 20\/06\/2016 \u00e0 03:50<\/time>, <time class=\"date\" datetime=\"2016-06-20T08:26:37+02:00\">Mis \u00e0 jour le 20\/06\/2016 \u00e0 08:26<\/time><\/p>\n<h1 class=\"title_article\">Les grands projets du site d&rsquo;Excisum<\/h1>\n<h2 class=\"sous_titre\">Culture &#8211; Histoire &#8211; Arch\u00e9ologie<\/h2>\n<\/blockquote>\n<\/header>\n<div id=\"article-texte\">\n<blockquote>\n<figure id=\"container_photo\" class=\"photo_article\"><img decoding=\"async\" src=\"http:\/\/static.ladepeche.fr\/content\/media\/image\/large\/2016\/06\/20\/201606201221-full.jpg\" alt=\"Marie Lemar\u00e9chal pr\u00e9sente les d\u00e9couvertes effectu\u00e9es sur le site d'Eysses.\/Photo DDM, F.P.\" width=\"650\" \/><figcaption class=\"legende\">\n<div>Marie Lemar\u00e9chal pr\u00e9sente les d\u00e9couvertes effectu\u00e9es sur le site d&rsquo;Eysses.\/Photo DDM, F.P.<\/div>\n<\/figcaption><\/figure>\n<div class=\"p402_premium\">\n<p>Marie Lemar\u00e9chal est responsable du service du patrimoine historique de la ville. Et il \u00e9tait \u00e9vident et naturel qu&rsquo;elle soit pr\u00e9sente dans l&rsquo;espace mus\u00e9al d&rsquo;Eysses, \u00e0 l&rsquo;occasion des journ\u00e9es nationales de l&rsquo;Arch\u00e9ologie qui se d\u00e9roulaient ce week-end. \u00abDe plus, ces journ\u00e9es correspondaient avec la reprise des fouilles du site par Alain Bouet et son \u00e9quipe. C&rsquo;est la 5e ann\u00e9e que cet arch\u00e9ologue est pr\u00e9sent sur le site, et les d\u00e9couvertes qu&rsquo;il a pu faire vont nous permettre de mettre en valeur ce site historique\u00bb. Ces journ\u00e9es, en fait, permettent un acc\u00e8s au grand public des sites arch\u00e9ologiques dans toute la France, \u00abet ici, \u00e0 Eysses, nous b\u00e9n\u00e9ficions d&rsquo;une structure monumentale qui n&rsquo;a que peu d&rsquo;\u00e9quivalent dans le sud de la France\u00bb.<\/p>\n<h2>Mettre le patrimoine en valeur<\/h2>\n<p>La grande question qui est maintenant pos\u00e9e est de la mani\u00e8re de mettre ce patrimoine en valeur ? Des itin\u00e9raires culturels sont d\u00e9j\u00e0 programm\u00e9s pour la rentr\u00e9e de septembre, en partenariat avec le centre culturel et les \u00e9coles de la ville ainsi que des fouilles p\u00e9dagogiques. \u00ab\u00c0 l&rsquo;issue de cette campagne de fouilles, nous en saurons un peu plus sur ce sanctuaire monumental. Quant \u00e0 la mise en valeur, nous avons d\u00e9j\u00e0 des id\u00e9es, des pistes de r\u00e9flexion en nous basant sur ce qui a d\u00e9j\u00e0 \u00e9t\u00e9 fait dans d&rsquo;autres lieux. Le public souhaite maintenant que l&rsquo;on pr\u00e9sente l&rsquo;arch\u00e9ologie sous un angle diff\u00e9rent. Il souhaite se projeter, \u00eatre en immersion. Tout cela ne peut pas s&rsquo;improviser\u00bb.<\/p>\n<p>Les 5, 6, 12 et 13 <em>juillet \u00e0 15<\/em> <em>heures, une visite des fouilles est organis\u00e9e. Renseignements et r\u00e9servations aupr\u00e8s de l&rsquo;office du tourisme au 05<\/em> <em>53<\/em> <em>36<\/em> <em>17<\/em> <em>30.<\/em><\/p>\n<p><em>L&rsquo;espace mus\u00e9al est ouvert tous les jours des mois de juillet et d&rsquo;ao\u00fbt, de 14<\/em> <em>heures \u00e0 18<\/em> <em>heures. Renseignements et r\u00e9servations aupr\u00e8s de la soci\u00e9t\u00e9 d&rsquo;arch\u00e9ologie au 05<\/em> <em>53<\/em> <em>70<\/em> <em>65<\/em> <em>19 ou 06<\/em> <em>10<\/em> <em>15<\/em> <em>48<\/em> <em>43.<\/em><\/p>\n<\/div>\n<div class=\"article_author\">F.P.<\/div>\n<\/blockquote>\n<\/div>\n","protected":false},"excerpt":{"rendered":"<p>Double actualit\u00e9 pour le site antique d&rsquo;Excisum (Eysses, Lot-et-Garonne) : reprise des fouilles programm\u00e9es sous la direction de l&rsquo;universitaire Alain Bouet et projets sc\u00e9nographiques\/mus\u00e9ographiques pour les vestiges d\u00e9j\u00e0 exhum\u00e9s. Source de l&rsquo;article ci-dessous : Sud Ouest (http:\/\/www.sudouest.fr\/2016\/06\/20\/les-fouilles-reprennent-a-la-moindre-eclaircie-2406398-3900.php)<\/p>\n","protected":false},"author":1,"featured_media":0,"comment_status":"open","ping_status":"open","sticky":false,"template":"","format":"standard","meta":[],"categories":[2,67,9],"tags":[],"_links":{"self":[{"href":"http:\/\/clubdubalen.fr\/blog\/wp-json\/wp\/v2\/posts\/735"}],"collection":[{"href":"http:\/\/clubdubalen.fr\/blog\/wp-json\/wp\/v2\/posts"}],"about":[{"href":"http:\/\/clubdubalen.fr\/blog\/wp-json\/wp\/v2\/types\/post"}],"author":[{"embeddable":true,"href":"http:\/\/clubdubalen.fr\/blog\/wp-json\/wp\/v2\/users\/1"}],"replies":[{"embeddable":true,"href":"http:\/\/clubdubalen.fr\/blog\/wp-json\/wp\/v2\/comments?post=735"}],"version-history":[{"count":2,"href":"http:\/\/clubdubalen.fr\/blog\/wp-json\/wp\/v2\/posts\/735\/revisions"}],"predecessor-version":[{"id":905,"href":"http:\/\/clubdubalen.fr\/blog\/wp-json\/wp\/v2\/posts\/735\/revisions\/905"}],"wp:attachment":[{"href":"http:\/\/clubdubalen.fr\/blog\/wp-json\/wp\/v2\/media?parent=735"}],"wp:term":[{"taxonomy":"category","embeddable":true,"href":"http:\/\/clubdubalen.fr\/blog\/wp-json\/wp\/v2\/categories?post=735"},{"taxonomy":"post_tag","embeddable":true,"href":"http:\/\/clubdubalen.fr\/blog\/wp-json\/wp\/v2\/tags?post=735"}],"curies":[{"name":"wp","href":"https:\/\/api.w.org\/{rel}","templated":true}]}}