{"id":58,"date":"2013-04-26T23:43:42","date_gmt":"2013-04-26T21:43:42","guid":{"rendered":"http:\/\/clubdubalen.fr\/blog\/?p=58"},"modified":"2013-04-26T23:43:58","modified_gmt":"2013-04-26T21:43:58","slug":"lantiquite-tardive-en-aquitaine","status":"publish","type":"post","link":"http:\/\/clubdubalen.fr\/blog\/lantiquite-tardive-en-aquitaine\/","title":{"rendered":"L&rsquo;Antiquit\u00e9 tardive en Aquitaine"},"content":{"rendered":"<p>Du 24 au 26 mai 2013 aura lieu \u00e0 l&rsquo;auditorium du Mus\u00e9e d&rsquo;Aquitaine un colloque intitul\u00e9 <strong>Recherches r\u00e9centes sur l&rsquo;Antiquit\u00e9 tardive en Aquitaine<\/strong>. On y retrouvera les principaux sp\u00e9cialistes de la r\u00e9gion pour cette p\u00e9riode. Les donn\u00e9es de l&rsquo;arch\u00e9ologie programm\u00e9e, universitaire, y c\u00f4toieront celles de l&rsquo;arch\u00e9ologie pr\u00e9ventive. Voici le programme :<\/p>\n<p><a href=\"http:\/\/clubdubalen.fr\/blog\/wp-content\/uploads\/2013\/04\/ANTIQUITE-TARDIVE-PROGRAMME_Page_1.jpg\"><img decoding=\"async\" loading=\"lazy\" class=\"alignnone size-medium wp-image-59\" alt=\"Couv-Adriatique2\" src=\"http:\/\/clubdubalen.fr\/blog\/wp-content\/uploads\/2013\/04\/ANTIQUITE-TARDIVE-PROGRAMME_Page_1-300x212.jpg\" width=\"406\" height=\"286\" srcset=\"http:\/\/clubdubalen.fr\/blog\/wp-content\/uploads\/2013\/04\/ANTIQUITE-TARDIVE-PROGRAMME_Page_1-300x212.jpg 300w, http:\/\/clubdubalen.fr\/blog\/wp-content\/uploads\/2013\/04\/ANTIQUITE-TARDIVE-PROGRAMME_Page_1-1024x724.jpg 1024w\" sizes=\"(max-width: 406px) 100vw, 406px\" \/><\/a><a href=\"http:\/\/clubdubalen.fr\/blog\/wp-content\/uploads\/2013\/04\/ANTIQUITE-TARDIVE-PROGRAMME_Page_2.jpg\"><img decoding=\"async\" loading=\"lazy\" class=\"alignnone size-medium wp-image-60\" alt=\"Imprimer\" src=\"http:\/\/clubdubalen.fr\/blog\/wp-content\/uploads\/2013\/04\/ANTIQUITE-TARDIVE-PROGRAMME_Page_2-300x212.jpg\" width=\"403\" height=\"285\" srcset=\"http:\/\/clubdubalen.fr\/blog\/wp-content\/uploads\/2013\/04\/ANTIQUITE-TARDIVE-PROGRAMME_Page_2-300x212.jpg 300w, http:\/\/clubdubalen.fr\/blog\/wp-content\/uploads\/2013\/04\/ANTIQUITE-TARDIVE-PROGRAMME_Page_2-1024x724.jpg 1024w\" sizes=\"(max-width: 403px) 100vw, 403px\" \/><\/a><\/p>\n","protected":false},"excerpt":{"rendered":"<p>Du 24 au 26 mai 2013 aura lieu \u00e0 l&rsquo;auditorium du Mus\u00e9e d&rsquo;Aquitaine un colloque intitul\u00e9 Recherches r\u00e9centes sur l&rsquo;Antiquit\u00e9 tardive en Aquitaine. On y retrouvera les principaux sp\u00e9cialistes de la r\u00e9gion pour cette p\u00e9riode. Les donn\u00e9es de l&rsquo;arch\u00e9ologie programm\u00e9e, universitaire, y c\u00f4toieront celles de l&rsquo;arch\u00e9ologie pr\u00e9ventive. Voici le programme :<\/p>\n","protected":false},"author":1,"featured_media":0,"comment_status":"open","ping_status":"open","sticky":false,"template":"","format":"standard","meta":[],"categories":[2],"tags":[],"_links":{"self":[{"href":"http:\/\/clubdubalen.fr\/blog\/wp-json\/wp\/v2\/posts\/58"}],"collection":[{"href":"http:\/\/clubdubalen.fr\/blog\/wp-json\/wp\/v2\/posts"}],"about":[{"href":"http:\/\/clubdubalen.fr\/blog\/wp-json\/wp\/v2\/types\/post"}],"author":[{"embeddable":true,"href":"http:\/\/clubdubalen.fr\/blog\/wp-json\/wp\/v2\/users\/1"}],"replies":[{"embeddable":true,"href":"http:\/\/clubdubalen.fr\/blog\/wp-json\/wp\/v2\/comments?post=58"}],"version-history":[{"count":3,"href":"http:\/\/clubdubalen.fr\/blog\/wp-json\/wp\/v2\/posts\/58\/revisions"}],"predecessor-version":[{"id":63,"href":"http:\/\/clubdubalen.fr\/blog\/wp-json\/wp\/v2\/posts\/58\/revisions\/63"}],"wp:attachment":[{"href":"http:\/\/clubdubalen.fr\/blog\/wp-json\/wp\/v2\/media?parent=58"}],"wp:term":[{"taxonomy":"category","embeddable":true,"href":"http:\/\/clubdubalen.fr\/blog\/wp-json\/wp\/v2\/categories?post=58"},{"taxonomy":"post_tag","embeddable":true,"href":"http:\/\/clubdubalen.fr\/blog\/wp-json\/wp\/v2\/tags?post=58"}],"curies":[{"name":"wp","href":"https:\/\/api.w.org\/{rel}","templated":true}]}}