{"id":550,"date":"2015-10-27T19:03:20","date_gmt":"2015-10-27T18:03:20","guid":{"rendered":"http:\/\/clubdubalen.fr\/blog\/?p=550"},"modified":"2015-12-23T19:11:17","modified_gmt":"2015-12-23T18:11:17","slug":"archeologie-de-la-seconde-guerre-mondiale-en-aquitaine","status":"publish","type":"post","link":"http:\/\/clubdubalen.fr\/blog\/archeologie-de-la-seconde-guerre-mondiale-en-aquitaine\/","title":{"rendered":"Arch\u00e9ologie de la Seconde Guerre Mondiale en Aquitaine."},"content":{"rendered":"<p>On l&rsquo;oublie trop souvent, mais l&rsquo;arch\u00e9ologie est une discipline qui explore des p\u00e9riodes parfois tr\u00e8s r\u00e9centes. A titre d&rsquo;exemple, il existe une arch\u00e9ologie de l&rsquo;esclavage aux Etats Unis relative au XIXe si\u00e8cle. Les deux grandes guerres du XXe si\u00e8cle sont elles aussi entr\u00e9es dans le domaine de comp\u00e9tence de cette discipline et l&rsquo;on comprend mieux tout l&rsquo;int\u00e9r\u00eat qu&rsquo;il y a \u00e0 condamner de mani\u00e8re exemplaire celles et ceux qui, arm\u00e9s d&rsquo;un d\u00e9tecteur de m\u00e9taux, fouillent ill\u00e9galement les lieux de m\u00e9moire en qu\u00eate de \u00ab\u00a0militaria\u00a0\u00bb pour agr\u00e9menter leurs sinistres collections ou augmenter significativement leurs revenus par la revente.<\/p>\n<p>Source : <a href=\"http:\/\/www.sudouest.fr\/2015\/10\/27\/des-chantiers-a-la-carte-2166924-2733.php\" target=\"_blank\">http:\/\/www.sudouest.fr\/2015\/10\/27\/des-chantiers-a-la-carte-2166924-2733.php<\/a><\/p>\n<blockquote>\n<h1 class=\"title extra-large bitter entry-title\">Bassin d&rsquo;Arcachon : une nouvelle cartographie des blockhaus engloutis<\/h1>\n<aside class=\"details\">\n<div class=\"publishing\">Publi\u00e9 <time class=\"published\" datetime=\"ISO date\"> le 27\/10\/2015 \u00e0 03h45 <\/time> , modifi\u00e9 <time class=\"updated\" datetime=\"ISO date\"> le 27\/10\/2015 \u00e0 12h33 <\/time> par <a class=\"url fn\" href=\"http:\/\/www.sudouest.fr\/2015\/10\/27\/des-chantiers-a-la-carte-2166924-2733.php#\" rel=\"author\">sabine menet<\/a><\/div>\n<\/aside>\n<\/blockquote>\n<div class=\"container grid-g\">\n<div class=\"grid-u-2-3\">\n<section class=\"article \">\n<blockquote>\n<h2 class=\"entry-summary\">Le Groupement de recherches arch\u00e9ologiques du mur de l\u2019Atlantique (Gramasa) \u00e9dite une nouvelle carte sous-marine des blockhaus engloutis.<\/h2>\n<figure class=\"hmedia\"><img decoding=\"async\" class=\"photo\" src=\"http:\/\/images.sudouest.fr\/images\/2015\/10\/27\/les-blockhaus-sont-nombreux-autour-du-bassin-d-arcachon_3295205_800x400.jpg?v=1\" alt=\"Bassin d'Arcachon : une nouvelle cartographie des blockhaus engloutis\" \/><figcaption> <span class=\"fn\">Les blockhaus sont nombreux autour du Bassin d&rsquo;Arcachon, comme ici au Cap Ferret.<\/span> <em><em> \u00a9<\/em><\/em><\/p>\n<div class=\"contributor vcard\">\n<div class=\"fn\">Laurent Theillet<\/div>\n<\/div>\n<\/figcaption><\/figure>\n<div class=\"sticky social-links\" data-sticky-container-selector=\"section.article\"><\/div>\n<\/blockquote>\n<div class=\"entry-content\">\n<blockquote><p><span class=\"lettrine\">L<\/span>undi matin, Marc Mentel, le pr\u00e9sident du Groupement de recherches arch\u00e9ologiques du mur de l&rsquo;Atlantique, secteur Arcachon (Gramasa), et Michel Daverat, le pr\u00e9sident du syndicat mixte de la dune du Pilat, ont pr\u00e9sent\u00e9, \u00e0 La Teste-de-Buch, <a href=\"http:\/\/www.gramasa.fr\/index.php?option=com_content&amp;view=category&amp;layout=blog&amp;id=7&amp;Itemid=8\">la nouvelle <strong>carte sous-marine des blockhaus immerg\u00e9s<\/strong> au sud de la dune.<\/a>\u00ab La dune n&rsquo;est pas seulement un belv\u00e9d\u00e8re, elle fait partie des <strong>grands sites <\/strong>et fait l&rsquo;objet de tout un<strong> programme de valorisation culturelle<\/strong> \u00bb, rappelle le conseiller r\u00e9gional Europe \u00e9cologie en expliquant le partenariat naturellement \u00e9tabli avec le Gramasa.<\/p>\n<p><iframe loading=\"lazy\" src=\"https:\/\/www.youtube.com\/embed\/eI18--wgRsw?rel=0&amp;showinfo=0\" width=\"640\" height=\"360\" frameborder=\"0\" allowfullscreen=\"allowfullscreen\"><\/iframe><\/p>\n<div class=\"promo-payant\"><strong>Sur le m\u00eame sujet : <\/strong> <a href=\"http:\/\/www.sudouest.fr\/2015\/05\/29\/blockhaus-sous-la-ville-1934891-2733.php#xtatc=INT-7-[bloc_article_meme_sujet]\"> Blockhaus sous la ville <\/a><\/div>\n<h3>Balades sous-marines<\/h3>\n<p>Regroupant des cadres de la plong\u00e9e, le Gramasa a \u00e9t\u00e9 cr\u00e9\u00e9 en 2008 afin d&rsquo;am\u00e9liorer les connaissances sur les <strong>fortifications du mur de l&rsquo;Atlantique <\/strong>et ce, dans une d\u00e9marche de valorisation et de transmission. D\u00e8s 2005, Marc Mentel, \u00e0 l&rsquo;origine du groupement \u00e9ditait la premi\u00e8re carte consacr\u00e9e aux <strong>dix hectares des Gaillouneys.<\/strong> Ce plongeur et professeur de lyc\u00e9e entendait proposer des balades entre le patrimoine historique et biologique sous-marin.<\/p>\n<p>La carte pr\u00e9sent\u00e9e hier est consacr\u00e9e aux Sablonneys, un site plus petit que celui des Gaillouneys mais dont l&rsquo;int\u00e9r\u00eat est aussi important en terme de plong\u00e9e, avec notamment une tr\u00e8s bonne visibilit\u00e9. \u00c9dit\u00e9e une premi\u00e8re fois en 2008, elle est <strong>aujourd&rsquo;hui actualis\u00e9e.<\/strong><\/p>\n<figure class=\"hmedia\"><img decoding=\"async\" class=\"photo\" src=\"http:\/\/www.sudouest.fr\/images\/2015\/10\/27\/2166924_757_11445662_800x503p.jpg?v=1\" alt=\"\" \/><figcaption><span class=\"fn\">Cette image date de 1947 et repr\u00e9sente l&rsquo;un des six blockhaus, aujourd&rsquo;hui englouti, qui tr\u00f4nait auparavant sur la dune.<\/span><em>\u00a9 Photo <span class=\"contributor vcard\"> <span class=\"fn\">photo service historique de la D\u00e9fense<\/span> <\/span> <\/em><\/figcaption><\/figure>\n<h3>La plong\u00e9e modifi\u00e9e<\/h3>\n<p>Parmi les nouveaut\u00e9s : les profondeurs maximales et minimales des six ouvrages du site. Ouvrages, qui, en 1945, se trouvaient tous sur la dune du Pilat. \u00ab Ce qui permet de multiplier les portes d&rsquo;entr\u00e9es \u00bb, explique Marc Mentel qui voit dans ces cartes un outil de r\u00e9gularisation permettant d&rsquo;\u00e9viter les conflits d&rsquo;usage.<\/p>\n<p>\u00ab La premi\u00e8re carte sous-marine de 2005 a vraiment modifi\u00e9 la fa\u00e7on de plonger sur ce site \u00bb, assure-t-il. Destin\u00e9e aux plaisanciers et aux plongeurs cette carte se veut un \u00ab outil de r\u00e9f\u00e9rence s\u00e9curis\u00e9 \u00bb. Lundi matin, repr\u00e9sentants de l&rsquo;\u00c9tat, gendarmes et membres d&rsquo;associations, \u00e9taient pr\u00e9sents lors de sa pr\u00e9sentation. L&rsquo;occasion aussi, et surtout, de pr\u00e9senter toutes les actions men\u00e9es par les b\u00e9n\u00e9voles de Gramasa.<\/p>\n<h3>Pour un parcours coh\u00e9rent<\/h3>\n<p>En juin 2015, le groupement \u00e9ditait pour la premi\u00e8re fois <a href=\"http:\/\/http:\/\/www.sudouest.fr\/2015\/06\/15\/la-richesse-historique-du-mur-de-l-atlantique-1951334-2733.php\">un rapport de ses activit\u00e9s destin\u00e9 au grand public<\/a>. \u00c0 cette m\u00eame p\u00e9riode, il participait avec la ville d&rsquo;Arcachon \u00e0 la pr\u00e9sentation <a href=\"http:\/\/www.sudouest.fr\/2015\/05\/29\/un-blockhaus-mis-au-jour-pres-de-l-office-de-tourisme-1934506-2733.php\">du blockhaus d\u00e9couvert enterr\u00e9 sous le parking de la gare<\/a>. \u00ab Sa restauration va d\u00e9buter en f\u00e9vrier \u00bb, pr\u00e9cise Marc Mentel.<\/p>\n<p>Apr\u00e8s avoir particip\u00e9 \u00e0 un <strong>inventaire des ouvrages visibles<\/strong> avec l&rsquo;Observatoire de la c\u00f4te Aquitaine, le Gramasa continue son travail de recensement, point par point, des <strong>t\u00e9moignages b\u00e9tonn\u00e9s<\/strong> de la Seconde Guerre mondiale. \u00ab Notre id\u00e9e serait en effet de connecter tous les sites et de proposer un parcours coh\u00e9rent. Ce qui va faire l&rsquo;objet d&rsquo;une th\u00e8se conduite au Gramasa \u00bb, poursuit le pr\u00e9sident.<\/p>\n<p>Le groupement est \u00e9galement souvent appel\u00e9 en renfort lorsque des ouvrages existants et pr\u00e9sents sur le domaine priv\u00e9 se trouvent <strong>menac\u00e9s par des projets<\/strong> de construction. Ou de d\u00e9construction.<\/p>\n<p><em>Contact Gramasa sur le site Internet : <a href=\"http:\/\/www.gramasa.fr\/\">http:\/\/www.gramasa.fr<\/a><\/em><\/p><\/blockquote>\n<\/div>\n<\/section>\n<\/div>\n<\/div>\n","protected":false},"excerpt":{"rendered":"<p>On l&rsquo;oublie trop souvent, mais l&rsquo;arch\u00e9ologie est une discipline qui explore des p\u00e9riodes parfois tr\u00e8s r\u00e9centes. A titre d&rsquo;exemple, il existe une arch\u00e9ologie de l&rsquo;esclavage aux Etats Unis relative au XIXe si\u00e8cle. Les deux grandes guerres du XXe si\u00e8cle sont elles aussi entr\u00e9es dans le domaine de comp\u00e9tence de cette discipline et l&rsquo;on comprend mieux <span class=\"ellipsis\">&hellip;<\/span> <span class=\"more-link-wrap\"><a href=\"http:\/\/clubdubalen.fr\/blog\/archeologie-de-la-seconde-guerre-mondiale-en-aquitaine\/\" class=\"more-link\"><span>Read More &rarr;<\/span><\/a><\/span><\/p>\n","protected":false},"author":1,"featured_media":0,"comment_status":"open","ping_status":"open","sticky":false,"template":"","format":"standard","meta":[],"categories":[67,9],"tags":[],"_links":{"self":[{"href":"http:\/\/clubdubalen.fr\/blog\/wp-json\/wp\/v2\/posts\/550"}],"collection":[{"href":"http:\/\/clubdubalen.fr\/blog\/wp-json\/wp\/v2\/posts"}],"about":[{"href":"http:\/\/clubdubalen.fr\/blog\/wp-json\/wp\/v2\/types\/post"}],"author":[{"embeddable":true,"href":"http:\/\/clubdubalen.fr\/blog\/wp-json\/wp\/v2\/users\/1"}],"replies":[{"embeddable":true,"href":"http:\/\/clubdubalen.fr\/blog\/wp-json\/wp\/v2\/comments?post=550"}],"version-history":[{"count":1,"href":"http:\/\/clubdubalen.fr\/blog\/wp-json\/wp\/v2\/posts\/550\/revisions"}],"predecessor-version":[{"id":551,"href":"http:\/\/clubdubalen.fr\/blog\/wp-json\/wp\/v2\/posts\/550\/revisions\/551"}],"wp:attachment":[{"href":"http:\/\/clubdubalen.fr\/blog\/wp-json\/wp\/v2\/media?parent=550"}],"wp:term":[{"taxonomy":"category","embeddable":true,"href":"http:\/\/clubdubalen.fr\/blog\/wp-json\/wp\/v2\/categories?post=550"},{"taxonomy":"post_tag","embeddable":true,"href":"http:\/\/clubdubalen.fr\/blog\/wp-json\/wp\/v2\/tags?post=550"}],"curies":[{"name":"wp","href":"https:\/\/api.w.org\/{rel}","templated":true}]}}