{"id":442,"date":"2014-08-10T14:47:30","date_gmt":"2014-08-10T12:47:30","guid":{"rendered":"http:\/\/clubdubalen.fr\/blog\/?p=442"},"modified":"2014-08-10T14:47:30","modified_gmt":"2014-08-10T12:47:30","slug":"prehistoire-en-iparralde-64","status":"publish","type":"post","link":"http:\/\/clubdubalen.fr\/blog\/prehistoire-en-iparralde-64\/","title":{"rendered":"Pr\u00e9histoire en Iparralde (64)"},"content":{"rendered":"<p>Sud-Ouest nous propose une autre vision d&rsquo;un des sites arch\u00e9ologiques majeurs de l&rsquo;Aquitaine m\u00e9ridionale \u00e0 travers le regard de sa propri\u00e9taire (source : <a href=\"http:\/\/www.sudouest.fr\/2014\/08\/09\/au-coeur-de-la-colli-ne-sacree-1637648-4389.php\" target=\"_blank\">http:\/\/www.sudouest.fr\/2014\/08\/09\/au-coeur-de-la-colli-ne-sacree-1637648-4389.php<\/a>). Les <a href=\"http:\/\/www.grottes-isturitz.com\/\" target=\"_blank\">grottes d&rsquo;Isturitz et Oxocelhaya<\/a> font l&rsquo;objet d&rsquo;une m\u00e9diation de qualit\u00e9 en Pr\u00e9histoire depuis quelques ann\u00e9es, comparable \u00e0 ce qui se fait en Dordogne ou en Lot-et-Garonne et qui fait largement d\u00e9faut ailleurs dans le sud aquitain pour des sites de la m\u00eame p\u00e9riode.<\/p>\n<div class=\"page-wrapper drawer-content\">\n<div id=\"page\">\n<article class=\"hentry\">\n<blockquote>\n<h1 class=\"title extra-large bitter entry-title\">Au c\u0153ur de la colline sacr\u00e9e<\/h1>\n<aside class=\"details\">\n<div class=\"publishing\">Publi\u00e9 <time class=\"published\" datetime=\"ISO date\"> le 09\/08\/2014 \u00e0 06h00 <\/time> par<\/p>\n<div class=\"author vcard\"><a class=\"url fn\" href=\"http:\/\/www.sudouest.fr\/2014\/08\/09\/au-coeur-de-la-colli-ne-sacree-1637648-4389.php#\" rel=\"author\">pierre penin <\/a><\/div>\n<\/div>\n<\/aside>\n<\/blockquote>\n<div class=\"container grid-g\">\n<div class=\"grid-u-2-3\">\n<section class=\"article nolegend\">\n<blockquote>\n<h2 class=\"entry-summary\">Jo\u00eblle Darricau entretient une relation forte aux grottes d\u2019Isturitz et Oxocelhaya, entre affection et souci de rigueur scientifique.<\/h2>\n<div class=\"entry-content\">\n<div class=\"long\">\n<p><span style=\"text-transform: uppercase;\">pierre penin <\/span><\/p>\n<p>p.penin@sudouest.fr<\/p>\n<p>Jo\u00eblle Darricau \u00e9voque les grottes d&rsquo;Isturitz et Oxocelhaya avec autant d&rsquo;affection, presque de tendresse, que de rigueur scientifique. Seule propri\u00e9taire de ce tr\u00e9sor arch\u00e9ologique, cach\u00e9 dans le ventre de la colline de Gaztelu (1), elle en est \u00e0 la fois la gardienne, l&rsquo;esprit et la promotrice. Une vie \u00e0 son contact n&rsquo;a fait qu&rsquo;attiser sa passion pour l&rsquo;endroit unique, \u00e0 la fois connu et perp\u00e9tuellement myst\u00e9rieux. \u00ab Je consid\u00e8re la grotte comme un membre de la famille. \u00bb<\/p>\n<p>Le plus ancien de ses a\u00efeux, c&rsquo;est certain. \u00ab On sait que la grotte a \u00e9t\u00e9 occup\u00e9e par des hommes pr\u00e9historiques depuis 80 000 ans \u00bb, souligne Jo\u00eblle Darricau. Les sp\u00e9cialistes parlent de \u00ab super-site \u00bb. Nos lointains anc\u00eatres s&rsquo;y regroupaient depuis N\u00e9andertal, y \u00e9changeaient savoirs et mati\u00e8res premi\u00e8res. \u00ab On a retrouv\u00e9 des s\u00e9ries d&rsquo;objets sculpt\u00e9s, petits objets d&rsquo;arts d\u00e9j\u00e0 tr\u00e8s fins qui nous laissent admiratifs. \u00bb Et la dame de Gaztelu de fracasser l&rsquo;image du sauvage hirsute de la repr\u00e9sentation populaire.<\/p>\n<p><strong>\u00ab C&rsquo;est vertigineux \u00bb<\/strong><\/p>\n<p>Son grand-p\u00e8re, Andr\u00e9 Darricau, a d\u00e8s 1912 l&rsquo;intuition qui fera basculer l&rsquo;histoire des grottes et de la famille. \u00ab Il pressentait une richesse pr\u00e9historique. Il a le premier fait venir des arch\u00e9ologues. \u00bb Les scientifiques v\u00e9rifient la justesse de l&rsquo;inspiration d&rsquo;Andr\u00e9 Darricau. En 1953, celui-ci obtient le classement des grottes par les Monuments historiques. \u00ab C&rsquo;\u00e9tait un pr\u00e9curseur. Moi, en 1996, j&rsquo;ai fait classer \u00e0 l&rsquo;inventaire des Monuments l&rsquo;ensemble de la colline de Gaztelu. \u00bb<\/p>\n<p>D\u00e8s lors, Le Service r\u00e9gional d&rsquo;arch\u00e9ologie entend percer tous les secrets des lieux. Pas si simple. Les connaissances s&rsquo;accumulent, mais ne cessent d&rsquo;ouvrir d&rsquo;autres voies d&rsquo;exploration et analyse. \u00ab Plus on en sait, moins on en sait \u00bb, r\u00e9sume Jo\u00eblle Darricau. \u00ab Les techniques nouvelles apparaissent, comme l&rsquo;\u00e9tude de l&rsquo;ADN, le scanner, les neurosciences et cela conduit \u00e0 d&rsquo;autres pistes. C&rsquo;est vertigineux. Et fascinant. \u00bb<\/p>\n<p><strong>\u00ab Colline sacr\u00e9e \u00bb<\/strong><\/p>\n<p>Jean Clottes, \u00ab le pape de l&rsquo;arch\u00e9ologie \u00bb, consid\u00e8re Gaztelu comme \u00ab une petite colline sacr\u00e9e de la plan\u00e8te \u00bb. Sa propri\u00e9taire aime cette d\u00e9finition du grand ponte. Elle traduit le respect de Jo\u00eblle Darricau qui veille absolument \u00e0 pr\u00e9server un certain esprit dans la gestion et l&rsquo;ouverture au public des grottes. Ne comptez pas sur elle pour y installer des mannequins d&rsquo;hommes pr\u00e9historiques, par exemple. \u00ab On en fait une projection dont on ne sait pas la r\u00e9alit\u00e9 scientifique. C&rsquo;est non. \u00bb Pas d&rsquo;approximation ou de fantaisie en ces lieux, elle y veille.<\/p>\n<p>Pas non plus d&rsquo;investigation pr\u00e9texte. \u00ab On ne fouille que pour r\u00e9pondre \u00e0 des questions scientifiques. Sinon, on laisse les choses en place. \u00bb Il ne faut pas confondre pareille rigueur avec quelque aust\u00e9rit\u00e9 rasoir. La ma\u00eetresse des lieux ne refuse pas d&rsquo;approcher Isturitz et Oxocelhaya par des voies d\u00e9cal\u00e9es. On a pu \u00e9couter dans les cavit\u00e9s un concert intitul\u00e9 \u00ab Aspaldian \u00bb, compos\u00e9 par Fran\u00e7ois Rosset, pour huit fl\u00fbtes pr\u00e9historiques. Des instruments reconstitu\u00e9s, notamment pas le musicien Mixel Etxekopar, \u00e0 partir de vestiges retrouv\u00e9s dans la grotte.<\/p>\n<p><strong>\u00ab Entourloupettes \u00bb<\/strong><\/p>\n<p>\u00ab Ce type d&rsquo;animation a du sens. C&rsquo;est une mani\u00e8re de faire vivre les lieux dans le respect de leur nature originelle. C&rsquo;\u00e9tait un lieu d&rsquo;\u00e9change, \u00e7a l&rsquo;est encore. On y \u00e9change du savoir. \u00bb Une connaissance de port\u00e9e universelle. \u00ab C&rsquo;est l&rsquo;histoire de nos origines. \u00bb Jo\u00eblle Darricau en est d\u00e9positaire. Et elle la transmettra \u00e0 son tour. \u00ab Mes enfants font partie de la SARL des grottes et participent aux d\u00e9cisions. Ils \u00e9l\u00e8vent leurs propres enfants dans une certaine \u00e9thique. \u00bb<\/p>\n<p>Disons une approche non mercantile, soucieuse d&rsquo;un \u00e9quilibre entre ouverture et rigueur. Respectueuse de \u00ab cette arri\u00e8re-grand-m\u00e8re qu&rsquo;est la grotte \u00bb. La vieille dame demande des soins subtils, mais a son caract\u00e8re. \u00ab Elle fait parfois des entourloupettes et se d\u00e9robe \u00e0 qui n&rsquo;arrive pas avec humilit\u00e9 et amour \u00bb. Ainsi de ce ch\u0153ur aux gros sabots, pour le concert des 50 ans du site. La grotte ne permit jamais au son de circuler. \u00ab Je leur avais bien dit de venir avant, pour travailler et l&rsquo;apprivoiser. Ils auraient d\u00fb m&rsquo;\u00e9couter\u2026 \u00bb<\/p>\n<p>(1) La colline de Gaztelu se situe \u00e0 la crois\u00e9e des communes d&rsquo;Isturitz et Saint-Martin d&rsquo;Arberoue.<\/p>\n<\/div>\n<\/div>\n<\/blockquote>\n<\/section>\n<\/div>\n<\/div>\n<\/article>\n<\/div>\n<\/div>\n","protected":false},"excerpt":{"rendered":"<p>Sud-Ouest nous propose une autre vision d&rsquo;un des sites arch\u00e9ologiques majeurs de l&rsquo;Aquitaine m\u00e9ridionale \u00e0 travers le regard de sa propri\u00e9taire (source : http:\/\/www.sudouest.fr\/2014\/08\/09\/au-coeur-de-la-colli-ne-sacree-1637648-4389.php). Les grottes d&rsquo;Isturitz et Oxocelhaya font l&rsquo;objet d&rsquo;une m\u00e9diation de qualit\u00e9 en Pr\u00e9histoire depuis quelques ann\u00e9es, comparable \u00e0 ce qui se fait en Dordogne ou en Lot-et-Garonne et qui fait largement <span class=\"ellipsis\">&hellip;<\/span> <span class=\"more-link-wrap\"><a href=\"http:\/\/clubdubalen.fr\/blog\/prehistoire-en-iparralde-64\/\" class=\"more-link\"><span>Read More &rarr;<\/span><\/a><\/span><\/p>\n","protected":false},"author":1,"featured_media":0,"comment_status":"open","ping_status":"open","sticky":false,"template":"","format":"standard","meta":[],"categories":[2,67],"tags":[],"_links":{"self":[{"href":"http:\/\/clubdubalen.fr\/blog\/wp-json\/wp\/v2\/posts\/442"}],"collection":[{"href":"http:\/\/clubdubalen.fr\/blog\/wp-json\/wp\/v2\/posts"}],"about":[{"href":"http:\/\/clubdubalen.fr\/blog\/wp-json\/wp\/v2\/types\/post"}],"author":[{"embeddable":true,"href":"http:\/\/clubdubalen.fr\/blog\/wp-json\/wp\/v2\/users\/1"}],"replies":[{"embeddable":true,"href":"http:\/\/clubdubalen.fr\/blog\/wp-json\/wp\/v2\/comments?post=442"}],"version-history":[{"count":1,"href":"http:\/\/clubdubalen.fr\/blog\/wp-json\/wp\/v2\/posts\/442\/revisions"}],"predecessor-version":[{"id":443,"href":"http:\/\/clubdubalen.fr\/blog\/wp-json\/wp\/v2\/posts\/442\/revisions\/443"}],"wp:attachment":[{"href":"http:\/\/clubdubalen.fr\/blog\/wp-json\/wp\/v2\/media?parent=442"}],"wp:term":[{"taxonomy":"category","embeddable":true,"href":"http:\/\/clubdubalen.fr\/blog\/wp-json\/wp\/v2\/categories?post=442"},{"taxonomy":"post_tag","embeddable":true,"href":"http:\/\/clubdubalen.fr\/blog\/wp-json\/wp\/v2\/tags?post=442"}],"curies":[{"name":"wp","href":"https:\/\/api.w.org\/{rel}","templated":true}]}}