{"id":406,"date":"2014-07-09T15:32:46","date_gmt":"2014-07-09T13:32:46","guid":{"rendered":"http:\/\/clubdubalen.fr\/blog\/?p=406"},"modified":"2014-07-09T15:32:46","modified_gmt":"2014-07-09T13:32:46","slug":"orthez-retour-sur-une-belle-decouverte","status":"publish","type":"post","link":"http:\/\/clubdubalen.fr\/blog\/orthez-retour-sur-une-belle-decouverte\/","title":{"rendered":"Orthez : retour sur une belle d\u00e9couverte"},"content":{"rendered":"<p>Le quotidien Sud Ouest revient sur la d\u00e9couverte et la mise en valeur d&rsquo;un \u00e9l\u00e9ment majeur du syst\u00e8me d\u00e9fensif m\u00e9di\u00e9val de la cit\u00e9 d&rsquo;Orthez (source : <a href=\"http:\/\/www.sudouest.fr\/2014\/07\/08\/le-fosse-moncade-a-25-ans-1608694-4329.php\" target=\"_blank\">http:\/\/www.sudouest.fr\/2014\/07\/08\/le-fosse-moncade-a-25-ans-1608694-4329.php<\/a>). Aper\u00e7u de l&rsquo;article :<\/p>\n<div class=\"page-wrapper drawer-content\">\n<div id=\"page\">\n<article class=\"hentry\">\n<blockquote>\n<h1 class=\"title extra-large bitter entry-title\">Le foss\u00e9 Moncade a 25 ans<\/h1>\n<aside class=\"details\">\n<div class=\"publishing\">Publi\u00e9 <time class=\"published\" datetime=\"ISO date\"> le 08\/07\/2014 \u00e0 06h00 <\/time> par<\/p>\n<div class=\"author vcard\"><a class=\"url fn\" href=\"http:\/\/www.sudouest.fr\/2014\/07\/08\/le-fosse-moncade-a-25-ans-1608694-4329.php#\" rel=\"author\">Jean-Yves Paill\u00e9<\/a><\/div>\n<\/div>\n<\/aside>\n<\/blockquote>\n<div class=\"container grid-g\">\n<div class=\"grid-u-2-3\">\n<section class=\"article \">\n<blockquote>\n<h2 class=\"entry-summary\">Des litres de sueur avaient \u00e9t\u00e9 vers\u00e9s dans des conditions dantesques par une vingtaine de jeunes passionn\u00e9s afin de faire voir la lumi\u00e8re \u00e0 ce joyau historique.<\/h2>\n<figure class=\"hmedia\"><img decoding=\"async\" class=\"photo\" src=\"http:\/\/images.sudouest.fr\/images\/2014\/07\/08\/1608694_6008546_800x400.jpg?v=1\" alt=\"Le foss\u00e9 Moncade a 25 ans\" \/><figcaption> <span class=\"fn\">S\u2019il reste peu de vase dans le foss\u00e9, les arch\u00e9ologues de l\u2019association Le Vieil Orthez nageaient dedans en 1989.<\/span> <em><em> \u00a9 Photo<\/em><\/em><\/p>\n<div class=\"contributor vcard\">\n<div class=\"fn\">photo j-y P.<\/div>\n<\/div>\n<\/figcaption><\/figure>\n<div class=\"sticky social-links\" data-sticky-container-selector=\"section.article\"><\/div>\n<\/blockquote>\n<div class=\"entry-content\">\n<div class=\"long\">\n<blockquote><p><span class=\"lettrine\">J<\/span>uillet 1989, c&rsquo;est le chantier autour de la tour Moncade. L&rsquo;association d&rsquo;\u00e9rudition locale Le vieil Orthez est sur le point de faire sa plus grande d\u00e9couverte arch\u00e9ologique : un foss\u00e9 ma\u00e7onn\u00e9 dat\u00e9 du XIIe. De ce type, on en compte sur les doigts de la main en Europe.\u00ab Tout est parti d&rsquo;une intuition de Thierry Issartel et Nicolas Sharf \u00bb, explique Jean-Paul Lafont, membre de l&rsquo;association et participant de l&rsquo;aventure. \u00ab En apercevant une partie d\u00e9blay\u00e9e, ils ont su qu&rsquo;il fallait creuser. D\u00e8s les premiers sondages du terrain, ils sont tomb\u00e9s sur ce foss\u00e9 \u00bb, ajoute Rafa\u00ebl Delebarre, alors stagiaire venu d&rsquo;Arras pour aider Le Vieil Orthez. \u00ab Quand on est arriv\u00e9s, ce n&rsquo;\u00e9tait qu&rsquo;une d\u00e9charge publique. \u00bb<\/p>\n<p>Travail de pro en amateur<\/p>\n<p>S&rsquo;ensuivent trois semaines intenses de d\u00e9blaiement en juillet. Les fouilles \u00e0 Orthez se font alors en amateur. \u00ab Nous \u00e9tions une vingtaine de jeunes de 18 \u00e0 25 ans \u00e0 venir de toute la France. Une annonce avait \u00e9t\u00e9 pass\u00e9e dans une revue d&rsquo;arch\u00e9ologie. \u00bb Apr\u00e8s une partie enlev\u00e9e \u00e0 la pelleteuse, \u00ab on extrayait la v\u00e9g\u00e9tation et la terre \u00e0 la main du foss\u00e9. Nous travaillions avec deux stagiaires en sp\u00e9l\u00e9ologie, encord\u00e9s pour enlever la v\u00e9g\u00e9tation des remparts. \u00bb Mais la vase appara\u00eet au fur et \u00e0 mesure. Les conditions de travail sont dantesques. Lorsqu&rsquo;il \u00e9voque ce probl\u00e8me, Jean-Paul rit jaune : \u00ab Nous en avions jusqu&rsquo;\u00e0 la taille, c&rsquo;\u00e9tait naus\u00e9abond, on avait l&rsquo;impression de vider une fosse sceptique \u00bb. Au moyen d&rsquo;une pompe, ils l&rsquo;\u00e9vacuent peu \u00e0 peu.<\/p>\n<p>Ce chantier est toute leur vie \u00e0 ce moment-l\u00e0. \u00ab Nous avions install\u00e9 des tentes autour de la b\u00e2tisse pour y vivre 24 heures sur 24. Nous \u00e9tions transport\u00e9s par l&rsquo;excitation des recherches \u00bb. La Ville les fournissait en brouette, en pelle, truelles. Et pour les repas, \u00ab le restaurant municipal s&rsquo;en chargeait \u00bb. La Direction r\u00e9gionale des affaires culturelles (Drac), nous a aid\u00e9s financi\u00e8rement. \u00bb<\/p>\n<p>Ce foss\u00e9 reste la plus belle d\u00e9couverte arch\u00e9ologique du Vieil Orthez.<\/p>\n<p>Jean-Yves Paill\u00e9<\/p><\/blockquote>\n<\/div>\n<\/div>\n<\/section>\n<\/div>\n<\/div>\n<\/article>\n<\/div>\n<\/div>\n","protected":false},"excerpt":{"rendered":"<p>Le quotidien Sud Ouest revient sur la d\u00e9couverte et la mise en valeur d&rsquo;un \u00e9l\u00e9ment majeur du syst\u00e8me d\u00e9fensif m\u00e9di\u00e9val de la cit\u00e9 d&rsquo;Orthez (source : http:\/\/www.sudouest.fr\/2014\/07\/08\/le-fosse-moncade-a-25-ans-1608694-4329.php). Aper\u00e7u de l&rsquo;article : Le foss\u00e9 Moncade a 25 ans Publi\u00e9 le 08\/07\/2014 \u00e0 06h00 par Jean-Yves Paill\u00e9 Des litres de sueur avaient \u00e9t\u00e9 vers\u00e9s dans des conditions <span class=\"ellipsis\">&hellip;<\/span> <span class=\"more-link-wrap\"><a href=\"http:\/\/clubdubalen.fr\/blog\/orthez-retour-sur-une-belle-decouverte\/\" class=\"more-link\"><span>Read More &rarr;<\/span><\/a><\/span><\/p>\n","protected":false},"author":1,"featured_media":0,"comment_status":"open","ping_status":"open","sticky":false,"template":"","format":"standard","meta":[],"categories":[2,9],"tags":[],"_links":{"self":[{"href":"http:\/\/clubdubalen.fr\/blog\/wp-json\/wp\/v2\/posts\/406"}],"collection":[{"href":"http:\/\/clubdubalen.fr\/blog\/wp-json\/wp\/v2\/posts"}],"about":[{"href":"http:\/\/clubdubalen.fr\/blog\/wp-json\/wp\/v2\/types\/post"}],"author":[{"embeddable":true,"href":"http:\/\/clubdubalen.fr\/blog\/wp-json\/wp\/v2\/users\/1"}],"replies":[{"embeddable":true,"href":"http:\/\/clubdubalen.fr\/blog\/wp-json\/wp\/v2\/comments?post=406"}],"version-history":[{"count":1,"href":"http:\/\/clubdubalen.fr\/blog\/wp-json\/wp\/v2\/posts\/406\/revisions"}],"predecessor-version":[{"id":407,"href":"http:\/\/clubdubalen.fr\/blog\/wp-json\/wp\/v2\/posts\/406\/revisions\/407"}],"wp:attachment":[{"href":"http:\/\/clubdubalen.fr\/blog\/wp-json\/wp\/v2\/media?parent=406"}],"wp:term":[{"taxonomy":"category","embeddable":true,"href":"http:\/\/clubdubalen.fr\/blog\/wp-json\/wp\/v2\/categories?post=406"},{"taxonomy":"post_tag","embeddable":true,"href":"http:\/\/clubdubalen.fr\/blog\/wp-json\/wp\/v2\/tags?post=406"}],"curies":[{"name":"wp","href":"https:\/\/api.w.org\/{rel}","templated":true}]}}