{"id":393,"date":"2014-07-03T15:18:09","date_gmt":"2014-07-03T13:18:09","guid":{"rendered":"http:\/\/clubdubalen.fr\/blog\/?p=393"},"modified":"2014-07-03T15:26:48","modified_gmt":"2014-07-03T13:26:48","slug":"le-centre-farbos-demenage-destination-inconnue-mont-de-marsan-40","status":"publish","type":"post","link":"http:\/\/clubdubalen.fr\/blog\/le-centre-farbos-demenage-destination-inconnue-mont-de-marsan-40\/","title":{"rendered":"Le Centre Farbos d\u00e9m\u00e9nage : destination inconnue (Mont-de-Marsan, 40)"},"content":{"rendered":"<p>Lu ce jour dans le quotidien Sud Ouest (source: <a href=\"http:\/\/www.sudouest.fr\/2014\/07\/03\/le-centre-va-quitter-les-lieux-1604210-3452.php\" target=\"_blank\">http:\/\/www.sudouest.fr\/2014\/07\/03\/le-centre-va-quitter-les-lieux-1604210-3452.php<\/a>) :<\/p>\n<div class=\"page-wrapper drawer-content\">\n<div id=\"page\">\n<article class=\"hentry\">\n<blockquote>\n<h1 class=\"title extra-large bitter entry-title\">Mont-de-Marsan : le Centre d&rsquo;art contemporain va quitter les anciennes halles aux grains<\/h1>\n<aside class=\"details\">\n<div class=\"publishing\">Publi\u00e9 <time class=\"published\" datetime=\"ISO date\"> le 03\/07\/2014 \u00e0 06h00 <\/time> , modifi\u00e9 <time class=\"updated\" datetime=\"ISO date\"> le 03\/07\/2014 \u00e0 08h19 <\/time> par<\/p>\n<div class=\"author vcard\"><a class=\"url fn\" href=\"http:\/\/www.sudouest.fr\/2014\/07\/03\/le-centre-va-quitter-les-lieux-1604210-3452.php#\" rel=\"author\">J.-L. H.<\/a><\/div>\n<\/div>\n<\/aside>\n<\/blockquote>\n<div class=\"container grid-g\">\n<div class=\"grid-u-2-3\">\n<section class=\"article nolegend\">\n<div class=\"entry-content\">\n<div class=\"long\">\n<blockquote><p><span class=\"lettrine\">L<\/span>&lsquo;association des amis de Despiau et Wl\u00e9rick, qui g\u00e8re le centre d&rsquo;art contemporain, ne sait pas trop de quoi sera fait son avenir. Forte de 1 20 adh\u00e9rents, elle craint ne plus avoir assez de moyens pour continuer son \u0153uvre. Le loyer pour occuper le superbe local qu&rsquo;elle habite a fortement augment\u00e9 &#8211; il est de 1 000 euros mensuels &#8211; ce qui avec les imp\u00f4ts fonciers devient une charge difficile \u00e0 assumer. Et comme des travaux vont sans doute devoir \u00eatre entrepris, elle songe \u00e0 quitter les lieux pour trouver un espace plus adapt\u00e9.\u00ab Nous sommes en discussion avec la municipalit\u00e9 pour voir ce qu&rsquo;elle peut nous proposer, r\u00e9v\u00e8le la pr\u00e9sidente Marie-Jo Lesgourgues. Un local qui soit vraiment d\u00e9di\u00e9 \u00e0 l&rsquo;art contemporain, qui permette d&rsquo;accueillir aussi des classes, un jeune public. \u00bb Aucun site n&rsquo;est pour l&rsquo;instant choisi, mais l&rsquo;association a fait ses calculs : \u00e0 condition de trouver un bien qui ne d\u00e9passe pas les 200 000 euros, avec un emprunt sur 25 ans, faire un achat ne lui co\u00fbterait pas plus cher que la location actuelle. Le projet est en pleine r\u00e9flexion.<\/p><\/blockquote>\n<div class=\"complementary\">\n<blockquote>\n<div class=\"complementary_title\">Actuellement<\/div>\n<div class=\"complementary_content\">Exposition \u00ab Int\u00e9rieurs \u00bb d&rsquo;Abraham Hadad, jusqu&rsquo;au 20 septembre : 1 bis et 3, rue Saint-Vincent-de-Paul, ouvert tous les jours de 10 \u00e0 18 heures, sauf le samedi matin, les dimanches et jours f\u00e9ri\u00e9s.<\/div>\n<\/blockquote>\n<div class=\"complementary_content\"><\/div>\n<div class=\"complementary_content\">D&rsquo;un point de vue bassement pragmatique et tr\u00e8s ext\u00e9rieur \u00e0 la question, nous nous posons la question de l&rsquo;int\u00e9r\u00eat de b\u00e9n\u00e9ficier aujourd&rsquo;hui, plus de 30 ans apr\u00e8s les querelles qui ont entrain\u00e9 la cr\u00e9ation de ce Centre (et bien apr\u00e8s la disparition ou le d\u00e9part des protagonistes d&rsquo;une gu\u00e9guerre qui aura contribu\u00e9 \u00e0 couler le Mus\u00e9e Dubalen, victime collat\u00e9rale de ce conflit, malgr\u00e9 les tentatives de sauvetage par A.-H. Amann puis Ph. Camin), de deux lieux d\u00e9di\u00e9s \u00e0 l&rsquo;art contemporain \u00e0 Mont-de-Marsan. Le Mus\u00e9e Despiau-Wl\u00e9rick ne suffit-il pas?<\/div>\n<\/div>\n<\/div>\n<\/div>\n<\/section>\n<\/div>\n<\/div>\n<\/article>\n<\/div>\n<\/div>\n","protected":false},"excerpt":{"rendered":"<p>Lu ce jour dans le quotidien Sud Ouest (source: http:\/\/www.sudouest.fr\/2014\/07\/03\/le-centre-va-quitter-les-lieux-1604210-3452.php) : Mont-de-Marsan : le Centre d&rsquo;art contemporain va quitter les anciennes halles aux grains Publi\u00e9 le 03\/07\/2014 \u00e0 06h00 , modifi\u00e9 le 03\/07\/2014 \u00e0 08h19 par J.-L. H. L&lsquo;association des amis de Despiau et Wl\u00e9rick, qui g\u00e8re le centre d&rsquo;art contemporain, ne sait pas trop <span class=\"ellipsis\">&hellip;<\/span> <span class=\"more-link-wrap\"><a href=\"http:\/\/clubdubalen.fr\/blog\/le-centre-farbos-demenage-destination-inconnue-mont-de-marsan-40\/\" class=\"more-link\"><span>Read More &rarr;<\/span><\/a><\/span><\/p>\n","protected":false},"author":1,"featured_media":0,"comment_status":"open","ping_status":"open","sticky":false,"template":"","format":"standard","meta":[],"categories":[67,6],"tags":[],"_links":{"self":[{"href":"http:\/\/clubdubalen.fr\/blog\/wp-json\/wp\/v2\/posts\/393"}],"collection":[{"href":"http:\/\/clubdubalen.fr\/blog\/wp-json\/wp\/v2\/posts"}],"about":[{"href":"http:\/\/clubdubalen.fr\/blog\/wp-json\/wp\/v2\/types\/post"}],"author":[{"embeddable":true,"href":"http:\/\/clubdubalen.fr\/blog\/wp-json\/wp\/v2\/users\/1"}],"replies":[{"embeddable":true,"href":"http:\/\/clubdubalen.fr\/blog\/wp-json\/wp\/v2\/comments?post=393"}],"version-history":[{"count":3,"href":"http:\/\/clubdubalen.fr\/blog\/wp-json\/wp\/v2\/posts\/393\/revisions"}],"predecessor-version":[{"id":396,"href":"http:\/\/clubdubalen.fr\/blog\/wp-json\/wp\/v2\/posts\/393\/revisions\/396"}],"wp:attachment":[{"href":"http:\/\/clubdubalen.fr\/blog\/wp-json\/wp\/v2\/media?parent=393"}],"wp:term":[{"taxonomy":"category","embeddable":true,"href":"http:\/\/clubdubalen.fr\/blog\/wp-json\/wp\/v2\/categories?post=393"},{"taxonomy":"post_tag","embeddable":true,"href":"http:\/\/clubdubalen.fr\/blog\/wp-json\/wp\/v2\/tags?post=393"}],"curies":[{"name":"wp","href":"https:\/\/api.w.org\/{rel}","templated":true}]}}