{"id":36,"date":"2013-04-20T15:11:23","date_gmt":"2013-04-20T13:11:23","guid":{"rendered":"http:\/\/clubdubalen.fr\/blog\/?p=36"},"modified":"2013-04-20T15:12:14","modified_gmt":"2013-04-20T13:12:14","slug":"lage-du-fer-dans-les-landes-de-gascogne","status":"publish","type":"post","link":"http:\/\/clubdubalen.fr\/blog\/lage-du-fer-dans-les-landes-de-gascogne\/","title":{"rendered":"L&rsquo;Age du fer dans les Landes de Gascogne"},"content":{"rendered":"<p>En 2011 et 2012, une exposition sur l&rsquo;Age du fer dans les Landes de Gascogne a \u00e9t\u00e9 pr\u00e9sent\u00e9e dans le Pavillon des Landes de Gascogne de l\u2019\u00c9comus\u00e9e de Marqu\u00e8ze : \u00ab\u00a0<em>Six pieds sous terre, il y a 3000 ans : arch\u00e9ologie des Landes de Gascogne<\/em>\u00ab\u00a0. Cette exposition in\u00e9dite \u00e9tait motiv\u00e9e par la tenue en juin 2011 d&rsquo;un colloque de l&rsquo;<a href=\"http:\/\/www.afeaf.org\" target=\"_blank\">AFEAF<\/a> (Association Fran\u00e7aise pour l&rsquo;Etude de l&rsquo;Age du Fer) \u00e0 Bordeaux. Mont\u00e9e \u00e0 l&rsquo;initiative du Service R\u00e9gional de l&rsquo;Arch\u00e9ologie et de l&rsquo;Universit\u00e9 de Bordeaux 3, avec la complicit\u00e9 du <a href=\"http:\/\/www.archeolandes.com\" target=\"_blank\">Centre de Recherches Arch\u00e9ologiques sur les Landes<\/a>, elle permit de faire le point sur un si\u00e8cle de recherches sur un territoire vaste, allant de la vall\u00e9e de l&rsquo;Adour \u00e0 la pointe du M\u00e9doc, en passant par la vall\u00e9e de l&rsquo;Eyre et le littoral aquitain.<\/p>\n<p>A cette occasion, un livret de 70 pages fut publi\u00e9, co-\u00e9crit par <strong>Marie Bilbao<\/strong> et <strong>Herv\u00e9 Barrouqu\u00e8re<\/strong>, les deux commissaires de cette exposition et tous deux membres du Centre de Recherches Arch\u00e9ologiques sur les Landes.<\/p>\n<p>Tir\u00e9 \u00e0 peu d&rsquo;exemplaires, nous avons appris cette semaine qu&rsquo;il n&rsquo;\u00e9tait plus en vente depuis l&rsquo;ann\u00e9e derni\u00e8re. Le Club Dubalen, apr\u00e8s concertation avec les auteurs, vous propose donc de le t\u00e9l\u00e9charger ici :<\/p>\n<p><a href=\"http:\/\/clubdubalen.fr\/bibli\/6pst.pdf\" target=\"_blank\">http:\/\/clubdubalen.fr\/bibli\/6pst.pdf<\/a><\/p>\n","protected":false},"excerpt":{"rendered":"<p>En 2011 et 2012, une exposition sur l&rsquo;Age du fer dans les Landes de Gascogne a \u00e9t\u00e9 pr\u00e9sent\u00e9e dans le Pavillon des Landes de Gascogne de l\u2019\u00c9comus\u00e9e de Marqu\u00e8ze : \u00ab\u00a0Six pieds sous terre, il y a 3000 ans : arch\u00e9ologie des Landes de Gascogne\u00ab\u00a0. Cette exposition in\u00e9dite \u00e9tait motiv\u00e9e par la tenue en juin <span class=\"ellipsis\">&hellip;<\/span> <span class=\"more-link-wrap\"><a href=\"http:\/\/clubdubalen.fr\/blog\/lage-du-fer-dans-les-landes-de-gascogne\/\" class=\"more-link\"><span>Read More &rarr;<\/span><\/a><\/span><\/p>\n","protected":false},"author":1,"featured_media":0,"comment_status":"open","ping_status":"open","sticky":false,"template":"","format":"standard","meta":[],"categories":[5],"tags":[10,13,21,18,24,19,12,11,17,16,15,22,14,25,20,23],"_links":{"self":[{"href":"http:\/\/clubdubalen.fr\/blog\/wp-json\/wp\/v2\/posts\/36"}],"collection":[{"href":"http:\/\/clubdubalen.fr\/blog\/wp-json\/wp\/v2\/posts"}],"about":[{"href":"http:\/\/clubdubalen.fr\/blog\/wp-json\/wp\/v2\/types\/post"}],"author":[{"embeddable":true,"href":"http:\/\/clubdubalen.fr\/blog\/wp-json\/wp\/v2\/users\/1"}],"replies":[{"embeddable":true,"href":"http:\/\/clubdubalen.fr\/blog\/wp-json\/wp\/v2\/comments?post=36"}],"version-history":[{"count":3,"href":"http:\/\/clubdubalen.fr\/blog\/wp-json\/wp\/v2\/posts\/36\/revisions"}],"predecessor-version":[{"id":39,"href":"http:\/\/clubdubalen.fr\/blog\/wp-json\/wp\/v2\/posts\/36\/revisions\/39"}],"wp:attachment":[{"href":"http:\/\/clubdubalen.fr\/blog\/wp-json\/wp\/v2\/media?parent=36"}],"wp:term":[{"taxonomy":"category","embeddable":true,"href":"http:\/\/clubdubalen.fr\/blog\/wp-json\/wp\/v2\/categories?post=36"},{"taxonomy":"post_tag","embeddable":true,"href":"http:\/\/clubdubalen.fr\/blog\/wp-json\/wp\/v2\/tags?post=36"}],"curies":[{"name":"wp","href":"https:\/\/api.w.org\/{rel}","templated":true}]}}