{"id":243,"date":"2014-03-25T13:58:38","date_gmt":"2014-03-25T12:58:38","guid":{"rendered":"http:\/\/clubdubalen.fr\/blog\/?p=243"},"modified":"2014-04-29T14:25:57","modified_gmt":"2014-04-29T12:25:57","slug":"vers-une-valorisation-du-site-medieval-de-jau-dignac-33","status":"publish","type":"post","link":"http:\/\/clubdubalen.fr\/blog\/vers-une-valorisation-du-site-medieval-de-jau-dignac-33\/","title":{"rendered":"Vers une valorisation du site m\u00e9di\u00e9val de Jau-Dignac (33)"},"content":{"rendered":"<p>article paru dans le quotidien Sud-Ouest ce jour (source :<a href=\"http:\/\/www.sudouest.fr\/2014\/03\/25\/jau-dignac-et-loirac-le-site-de-la-chapelle-bientot-ouvert-au-public-1503969-2912.php\" target=\"_blank\">http:\/\/www.sudouest.fr\/2014\/03\/25\/jau-dignac-et-loirac-le-site-de-la-chapelle-bientot-ouvert-au-public-1503969-2912.php<\/a>) :<\/p>\n<blockquote>\n<h1>Jau-Dignac-et-Loirac : le site de La Chapelle bient\u00f4t ouvert au public<\/h1>\n<aside>\n<div>Publi\u00e9 <time datetime=\"ISO date\"> le 25\/03\/2014<\/time><time datetime=\"ISO date\"><\/time><\/div>\n<\/aside>\n<h2><strong>Le site arch\u00e9ologique, connu depuis 2000, pourrait \u00eatre mis en valeur et accueillir des visiteurs et des randonneurs<\/strong><\/h2>\n<figure><img decoding=\"async\" alt=\"Jau-Dignac-et-Loirac : le site de La Chapelle bient\u00f4t ouvert au public\" src=\"http:\/\/images.sudouest.fr\/images\/2014\/03\/25\/plusieurs-campagne-de-fouilles-se-sont-succede-sur-le-site_1708779_800x400.jpg?v=1\" \/><figcaption> Plusieurs campagne de fouilles se sont succ\u00e9d\u00e9 sur le site <em><em> \u00a9 Photo<\/em><\/em><\/p>\n<div>\n<div>Archives Maguy Caporal<\/div>\n<\/div>\n<\/figcaption><\/figure>\n<div data-sticky-container-selector=\"section.article\"><\/div>\n<p>Le site arch\u00e9ologique de La Chapelle a \u00e9t\u00e9 d\u00e9couvert en 2000 \u00e0 l&rsquo;occasion de travaux viticoles. Autrefois situ\u00e9 sur un \u00eelot de l&rsquo;estuaire, il se trouve d\u00e9sormais \u00e0 un peu moins d&rsquo;un kilom\u00e8tres des rives.<\/p>\n<p><strong>Une premi\u00e8re op\u00e9ration men\u00e9e par <a href=\"http:\/\/www.inrap.fr\/%E2%80%8E\">l&rsquo;Inrap<\/a>\u00a0(Institut national de recherche arch\u00e9ologiques pr\u00e9ventives)\u00a0avait permis de r\u00e9v\u00e9ler un potentiel arch\u00e9ologique important, et des t\u00e9moins d&rsquo;une occupation datant de l&rsquo;Antiquit\u00e9 et continue jusqu&rsquo;\u00e0 l&rsquo;\u00e9poque moderne.<\/strong> On y d\u00e9c\u00e8le notamment un b\u00e2timent fun\u00e9raire, des vestiges de tombes et l&#8217;emprise d&rsquo;une chapelle. Le site, marqu\u00e9 de drains, semble aussi avoir \u00e9t\u00e9 prot\u00e9g\u00e9 contre les inondations.<\/p>\n<p>L&rsquo;association communale d&rsquo;arch\u00e9ologie de la Chapelle a \u00e9t\u00e9 cr\u00e9\u00e9e voici 13 ans. La terrain a \u00e9t\u00e9 achet\u00e9 \u00e0 la commune \u00e0 son propri\u00e9taire et d\u00e9couvreur du site, Paul Borderon. \u00a0<a href=\"http:\/\/http:\/\/www.cnrs.fr\/cnrs-images\/multimedia\/ausonius\/pages_expo\/expo_6.html\">Des fouilles y sont men\u00e9es<\/a> en collaboration avec le laboratoire d&rsquo;anthropologie de l&rsquo;universit\u00e9 de Bordeaux 1 et la Direction r\u00e9gionale des affaires culturelles. Chaque ann\u00e9e une vingtaine d&rsquo;\u00e9tudiants viennent y faire un stage pratique d&rsquo;arch\u00e9ologie fun\u00e9raire et d&rsquo;anthropologie de terrain.<\/p>\n<p>Le site\u00a0a r\u00e9v\u00e9l\u00e9 des sarcophages m\u00e9rovingiens et un ensemble \u00a0fun\u00e9raire attestant la pr\u00e9sence d&rsquo;une <a href=\"http:\/\/http:\/\/www.memoireonline.com\/06\/09\/2130\/m_LA-necropole-merovingienne-la-chapelle-de-jau-dignac-et-loirac-gironde2.html\">riche n\u00e9cropole<\/a> familiale. Boucles, ceintures, bagues, gobelet et divers objets pr\u00e9cieux y ont \u00e9t\u00e9 d\u00e9couverts. Peu \u00e0 peu l&rsquo;histoire de cet \u00eelot disparu s&rsquo;est faite jour, avec un temple puis une chapelle chr\u00e9tienne m\u00e9di\u00e9vale, et un abandon av\u00e9r\u00e9 du site au XVIIe.<\/p>\n<p>L&rsquo;id\u00e9e est donc aujourd&rsquo;hui de donner \u00e0 La Chapelle une existence culturelle et d&rsquo;ouvrir le site au public. Le chemin sera encore long, les projets sont complexes. La Drac et la <a href=\"http:\/\/www.sudouest.fr\/2013\/10\/26\/des-visites-a-la-chapelle-1211340-2955.php\">CdC Pointe du M\u00e9doc<\/a> pourrait chacune participer (20 000 \u00a0et 74 000 euros) \u00e0 la mise en valeur patrimoniale et touristique du site;<\/p>\n<p>Les am\u00e9nagements pr\u00e9vus seront l\u00e9gers, pourvus de panneaux didactiques, les sarcophages seront mis en valeur. Deux phases de travaux pourraient d\u00e9buter en 2014 pour se terminer en 2015. Une troisi\u00e8me sera r\u00e9alis\u00e9e \u00e0 plus long terme, un ossuaire afin de redonner une s\u00e9pulture aux 139 squelettes mis \u00e0 jour et actuellement \u00e9tudi\u00e9es par le CNRS.<\/p>\n<p><strong>Une labellisation Sentiers de randonn\u00e9e permettra \u00e0 La Chapelle de figurer sur les guides<\/strong>. D\u00e9j\u00e0 depuis plusieurs ann\u00e9es, Didier Coquillas, docteur en histoire et arch\u00e9ologie et m\u00e9diateur scientifique de l&rsquo;association <a href=\"http:\/\/www.ocean.asso.fr\/\">Terre et oc\u00e9an<\/a>, y emm\u00e8ne des randonn\u00e9es th\u00e9matiques.<\/p><\/blockquote>\n","protected":false},"excerpt":{"rendered":"<p>article paru dans le quotidien Sud-Ouest ce jour (source :http:\/\/www.sudouest.fr\/2014\/03\/25\/jau-dignac-et-loirac-le-site-de-la-chapelle-bientot-ouvert-au-public-1503969-2912.php) : Jau-Dignac-et-Loirac : le site de La Chapelle bient\u00f4t ouvert au public Publi\u00e9 le 25\/03\/2014 Le site arch\u00e9ologique, connu depuis 2000, pourrait \u00eatre mis en valeur et accueillir des visiteurs et des randonneurs Plusieurs campagne de fouilles se sont succ\u00e9d\u00e9 sur le site \u00a9 Photo <span class=\"ellipsis\">&hellip;<\/span> <span class=\"more-link-wrap\"><a href=\"http:\/\/clubdubalen.fr\/blog\/vers-une-valorisation-du-site-medieval-de-jau-dignac-33\/\" class=\"more-link\"><span>Read More &rarr;<\/span><\/a><\/span><\/p>\n","protected":false},"author":1,"featured_media":0,"comment_status":"open","ping_status":"open","sticky":false,"template":"","format":"standard","meta":[],"categories":[2,67],"tags":[],"_links":{"self":[{"href":"http:\/\/clubdubalen.fr\/blog\/wp-json\/wp\/v2\/posts\/243"}],"collection":[{"href":"http:\/\/clubdubalen.fr\/blog\/wp-json\/wp\/v2\/posts"}],"about":[{"href":"http:\/\/clubdubalen.fr\/blog\/wp-json\/wp\/v2\/types\/post"}],"author":[{"embeddable":true,"href":"http:\/\/clubdubalen.fr\/blog\/wp-json\/wp\/v2\/users\/1"}],"replies":[{"embeddable":true,"href":"http:\/\/clubdubalen.fr\/blog\/wp-json\/wp\/v2\/comments?post=243"}],"version-history":[{"count":2,"href":"http:\/\/clubdubalen.fr\/blog\/wp-json\/wp\/v2\/posts\/243\/revisions"}],"predecessor-version":[{"id":245,"href":"http:\/\/clubdubalen.fr\/blog\/wp-json\/wp\/v2\/posts\/243\/revisions\/245"}],"wp:attachment":[{"href":"http:\/\/clubdubalen.fr\/blog\/wp-json\/wp\/v2\/media?parent=243"}],"wp:term":[{"taxonomy":"category","embeddable":true,"href":"http:\/\/clubdubalen.fr\/blog\/wp-json\/wp\/v2\/categories?post=243"},{"taxonomy":"post_tag","embeddable":true,"href":"http:\/\/clubdubalen.fr\/blog\/wp-json\/wp\/v2\/tags?post=243"}],"curies":[{"name":"wp","href":"https:\/\/api.w.org\/{rel}","templated":true}]}}