{"id":157,"date":"2013-07-26T13:52:29","date_gmt":"2013-07-26T11:52:29","guid":{"rendered":"http:\/\/clubdubalen.fr\/blog\/?p=157"},"modified":"2013-07-26T13:54:59","modified_gmt":"2013-07-26T11:54:59","slug":"fouilles-sur-le-site-feodal-du-castera-langoiran-33","status":"publish","type":"post","link":"http:\/\/clubdubalen.fr\/blog\/fouilles-sur-le-site-feodal-du-castera-langoiran-33\/","title":{"rendered":"Fouilles sur le site f\u00e9odal du Cast\u00e9ra (Langoiran, 33)"},"content":{"rendered":"<blockquote>\n<h1>L\u2019\u00e9nigme du Cast\u00e9ra<\/h1>\n<\/blockquote>\n<div>\n<blockquote><p>La cinqui\u00e8me campagne de fouilles \u00e0 la plateforme ovalaire s\u2019ach\u00e8ve avec, pour les arch\u00e9ologues et \u00e9tudiants de l\u2019universit\u00e9 de Bordeaux 3, un sentiment de satisfaction sur le travail r\u00e9alis\u00e9 durant cette campagne.<\/p>\n<p>C\u2019est en 1985 qu\u2019une photographie a\u00e9rienne d\u2019un champ dans la palus, partie comprise entre le CD 10 et la Garonne, au lieu \u00ab Cast\u00e9ra \u00bb r\u00e9v\u00e8le la pr\u00e9sence de ce que l\u2019on a consid\u00e9r\u00e9 &#8211; \u00e0 tort d\u2019ailleurs &#8211; \u00eatre une motte f\u00e9odale.<\/p>\n<p>En 2006, une campagne de prospections g\u00e9ophysiques permet de pr\u00e9ciser l\u2019image a\u00e9rienne et l\u2019ouverture en 2007 d\u2019un chantier arch\u00e9ologique men\u00e9 par le Centre Ausonius et des \u00e9tudiants en arch\u00e9ologie et histoire de l\u2019Universit\u00e9 Bordeaux 3.<\/p>\n<p>Trois autres campagnes (2008, 2010, 2012) permettent de dater l\u2019occupation du site entre la fin du XIe et le d\u00e9but du XIVe si\u00e8cles (1) et de d\u00e9finir sa caract\u00e9ristique qui se r\u00e9v\u00e8le \u00eatre une plateforme ovalaire prot\u00e9g\u00e9e par un foss\u00e9 et une enceinte aras\u00e9e, \u00e0 sa base, en terre massive.<\/p>\n<p><strong>Un type d\u2019habitat m\u00e9connu<\/strong><\/p>\n<p>\u00ab Ce site permet de mettre en \u00e9vidence des structures d\u2019un type encore m\u00e9connu et de mieux conna\u00eetre la culture mat\u00e9rielle d\u2019une r\u00e9sidence aristocratique \u00e0 une p\u00e9riode assez mal document\u00e9e dans la r\u00e9gion \u00bb explique Sylvie Favarel, ma\u00eetre de conf\u00e9rences \u00e0 l\u2019Universit\u00e9 Bordeaux 3.<\/p>\n<p>Pour cette campagne 2013 elle a \u00e9t\u00e9 second\u00e9e par trois arch\u00e9ologues &#8211; c\u2019est dire l\u2019importance des fouilles &#8211; Samuel Virelli, responsable secteur, Lisa Maccanin et J\u00e9r\u00e9my Bonnenfant. Sous leur conduite une dizaine d\u2019\u00e9tudiants en arch\u00e9ologie ont r\u00e9alis\u00e9 de tr\u00e8s nombreux relev\u00e9s, trac\u00e9s, croquis, afin de rassembler les preuves de vie du lieu. Pour Samuel Virelli, \u00ab rien n\u2019atteste la pr\u00e9sence permanente des seigneurs d\u2019Escoussan sur ce lieu, mais plut\u00f4t celle d\u2019une petite garnison en charge du contr\u00f4le de la route, l\u2019actuel CD 10 et de la Garonne \u00bb. Outre la collecte des taxes revers\u00e9es \u00e0 la famille Escoussan, premiers seigneurs de Langoiran, la troupe avait un effet dissuasif.<\/p>\n<p><strong>Explor\u00e9 \u00e0 25 % seulement.<\/strong><\/p>\n<p>Au fil des fouilles si la plateforme r\u00e9v\u00e8le sa g\u00e9om\u00e9trie, elle livre aussi une partie de son histoire par la d\u00e9couverte de fragments de poterie et c\u00e9ramique et restes alimentaires.<\/p>\n<p>Samuel Virelli explique que 2013 a port\u00e9 sur une extension des fouilles vers l\u2019enceinte de la plateforme et de sa construction int\u00e9rieure. Plusieurs endroits attestent de la pr\u00e9sence de foyers de chaleur, un mur d\u00e9limite un habitat.<\/p>\n<p>Aujourd\u2019hui le chantier s\u2019\u00e9tend sur un peu plus de 400 m\u00b2 ce qui est peu par rapport \u00e0 la surface totale \u00ab qui doit \u00eatre entre trois ou quatre fois plus grande \u00bb, nous dit l\u2019arch\u00e9ologue.<\/p>\n<p>Ces fouilles rentrent dans un programme de recherches sur les r\u00e9sidences aristocratiques entre Dordogne et Garonne, elles sont subventionn\u00e9es par le minist\u00e8re de la Culture et le Conseil r\u00e9gional avec le concours du Service r\u00e9gional d\u2019arch\u00e9ologie et de Bordeaux 3.<\/p>\n<p>(1) L\u2019abandon pr\u00e9sum\u00e9 du castrum du Cast\u00e9ra, d\u00e9but XIVe si\u00e8cle, correspondant avec le d\u00e9but de la construction, fin XIIIe si\u00e8cle, par B\u00e9rard d\u2019Escoussan de l\u2019actuel ch\u00e2teau m\u00e9di\u00e9val.<\/p><\/blockquote>\n<p>Article de Gilbert Habatjou paru dans Sud Ouest le 26\/07\/13. Source : <a href=\"http:\/\/www.sudouest.fr\/2013\/07\/26\/l-enigme-du-castera-1124815-2931.php\" target=\"_blank\">http:\/\/www.sudouest.fr\/2013\/07\/26\/l-enigme-du-castera-1124815-2931.php<\/a><\/p>\n<\/div>\n","protected":false},"excerpt":{"rendered":"<p>L\u2019\u00e9nigme du Cast\u00e9ra La cinqui\u00e8me campagne de fouilles \u00e0 la plateforme ovalaire s\u2019ach\u00e8ve avec, pour les arch\u00e9ologues et \u00e9tudiants de l\u2019universit\u00e9 de Bordeaux 3, un sentiment de satisfaction sur le travail r\u00e9alis\u00e9 durant cette campagne. C\u2019est en 1985 qu\u2019une photographie a\u00e9rienne d\u2019un champ dans la palus, partie comprise entre le CD 10 et la Garonne, <span class=\"ellipsis\">&hellip;<\/span> <span class=\"more-link-wrap\"><a href=\"http:\/\/clubdubalen.fr\/blog\/fouilles-sur-le-site-feodal-du-castera-langoiran-33\/\" class=\"more-link\"><span>Read More &rarr;<\/span><\/a><\/span><\/p>\n","protected":false},"author":1,"featured_media":0,"comment_status":"open","ping_status":"open","sticky":false,"template":"","format":"standard","meta":[],"categories":[9],"tags":[],"_links":{"self":[{"href":"http:\/\/clubdubalen.fr\/blog\/wp-json\/wp\/v2\/posts\/157"}],"collection":[{"href":"http:\/\/clubdubalen.fr\/blog\/wp-json\/wp\/v2\/posts"}],"about":[{"href":"http:\/\/clubdubalen.fr\/blog\/wp-json\/wp\/v2\/types\/post"}],"author":[{"embeddable":true,"href":"http:\/\/clubdubalen.fr\/blog\/wp-json\/wp\/v2\/users\/1"}],"replies":[{"embeddable":true,"href":"http:\/\/clubdubalen.fr\/blog\/wp-json\/wp\/v2\/comments?post=157"}],"version-history":[{"count":3,"href":"http:\/\/clubdubalen.fr\/blog\/wp-json\/wp\/v2\/posts\/157\/revisions"}],"predecessor-version":[{"id":159,"href":"http:\/\/clubdubalen.fr\/blog\/wp-json\/wp\/v2\/posts\/157\/revisions\/159"}],"wp:attachment":[{"href":"http:\/\/clubdubalen.fr\/blog\/wp-json\/wp\/v2\/media?parent=157"}],"wp:term":[{"taxonomy":"category","embeddable":true,"href":"http:\/\/clubdubalen.fr\/blog\/wp-json\/wp\/v2\/categories?post=157"},{"taxonomy":"post_tag","embeddable":true,"href":"http:\/\/clubdubalen.fr\/blog\/wp-json\/wp\/v2\/tags?post=157"}],"curies":[{"name":"wp","href":"https:\/\/api.w.org\/{rel}","templated":true}]}}