{"id":1108,"date":"2019-06-11T16:02:51","date_gmt":"2019-06-11T14:02:51","guid":{"rendered":"http:\/\/clubdubalen.fr\/blog\/?p=1108"},"modified":"2019-06-11T16:03:37","modified_gmt":"2019-06-11T14:03:37","slug":"journee-archeologique-du-pays-basque-2019-saint-etienne-de-baigorri-64eh","status":"publish","type":"post","link":"http:\/\/clubdubalen.fr\/blog\/journee-archeologique-du-pays-basque-2019-saint-etienne-de-baigorri-64eh\/","title":{"rendered":"Journ\u00e9e arch\u00e9ologique du Pays Basque 2019 (Saint-Etienne-de-Ba\u00efgorri, 64,EH)"},"content":{"rendered":"<p>Journ\u00e9e arch\u00e9o du Pays Basque 2019,<br \/>\ndemandez le programme :<\/p>\n<p>9H00 : Accueil des participants<\/p>\n<p>9H20 : Introduction par les organisateurs<\/p>\n<p>9h30 : C. Oulad el Ka\u00efd : Un outillage osseux m\u00e9connu au Pal\u00e9olithique moyen : le cas de la Grotte du Noisetier (Fr\u00e9chet-Aure, Hautes-Pyr\u00e9n\u00e9es)<\/p>\n<p>10h : M. Deschamps : Pal\u00e9olithique moyen r\u00e9cent et Pal\u00e9olithique sup\u00e9rieur initial en contexte pyr\u00e9n\u00e9en : r\u00e9sultats des nouvelles fouilles 2017-2018 \u00e0 la grotte Gatzarria (Soule)<\/p>\n<p>Pause<\/p>\n<p>11h : L. Anderson : Le Pays Basque aurignacien : une cl\u00e9 de lecture pour la compr\u00e9hension des premiers Homo sapiens en Europe de l\u2019Ouest<\/p>\n<p>11h30 : N. Vanara, H. Camus, M. Rabanit, J.-Y. Bigot, P. Audra, Y. Bramoull\u00e9, C. Normand, O. Rivero et D. Garate : \u00c9tudes pal\u00e9oenvironnementales aux grottes d\u2019Isturitz et d\u2019Oxocelhaya (St-Martin-d\u2019Arberoue) : bilan de quatre ann\u00e9es de recherche<\/p>\n<p>12h : Buffet offert (inscription obligatoire)<\/p>\n<p>14h : P. Marticorena, V. Ard, F. Bichot, Antoine Laurent, Val\u00e9rie-Emma Leroux, Muriel Llubes, Emmanuel Mens, Marylise Onfray : Premiers paysans et dolmens de la vall\u00e9e de Mendive<\/p>\n<p>14h30 : R. Suso : Les fonds \u00e0 empreintes de baguettes de la c\u00e9ramique de P\u00e9m\u00e9gnan (Mont-de-Marsan, Landes) : une sp\u00e9cificit\u00e9 technique du N\u00e9olithique final aquitain ?<\/p>\n<p>14h30 : G. Parent : Le site minier de Mehatze \u00e0 Banca<\/p>\n<p>Pause<\/p>\n<p>15h30 : D. Vignaud : Dynamiques d&rsquo;occupation du sol dans le bassin de la Midouze (Landes). Etude diachronique mais exemple antique<\/p>\n<p>16h : C. Normand : La \u00ab\u00a0Voie des Ports de Cize\u00a0\u00bb : un axe strat\u00e9gique majeur dans les Pyr\u00e9n\u00e9es navarraises.<\/p>\n<p>Pause<\/p>\n<p>17h : Projection du film : \u00ab\u00a0Les 3 \u00e2ges\u00a0\u00bb de B. Keaton<\/p>\n<p>18h : Conclusion de la journ\u00e9e et verre de l&rsquo;amiti\u00e9<\/p>\n<p><img decoding=\"async\" loading=\"lazy\" src=\"http:\/\/clubdubalen.fr\/blog\/wp-content\/uploads\/2019\/06\/FB_IMG_1560260184913-2.jpg\" class=\"wp-image-1107 failed alignnone size-full\" width=\"1448\" height=\"2048\" srcset=\"http:\/\/clubdubalen.fr\/blog\/wp-content\/uploads\/2019\/06\/FB_IMG_1560260184913-2.jpg 1448w, http:\/\/clubdubalen.fr\/blog\/wp-content\/uploads\/2019\/06\/FB_IMG_1560260184913-2-212x300.jpg 212w, http:\/\/clubdubalen.fr\/blog\/wp-content\/uploads\/2019\/06\/FB_IMG_1560260184913-2-768x1086.jpg 768w, http:\/\/clubdubalen.fr\/blog\/wp-content\/uploads\/2019\/06\/FB_IMG_1560260184913-2-724x1024.jpg 724w\" sizes=\"(max-width: 1448px) 100vw, 1448px\" \/><\/p>\n","protected":false},"excerpt":{"rendered":"<p>Journ\u00e9e arch\u00e9o du Pays Basque 2019, demandez le programme : 9H00 : Accueil des participants 9H20 : Introduction par les organisateurs 9h30 : C. Oulad el Ka\u00efd : Un outillage osseux m\u00e9connu au Pal\u00e9olithique moyen : le cas de la Grotte du Noisetier (Fr\u00e9chet-Aure, Hautes-Pyr\u00e9n\u00e9es) 10h : M. Deschamps : Pal\u00e9olithique moyen r\u00e9cent et Pal\u00e9olithique <span class=\"ellipsis\">&hellip;<\/span> <span class=\"more-link-wrap\"><a href=\"http:\/\/clubdubalen.fr\/blog\/journee-archeologique-du-pays-basque-2019-saint-etienne-de-baigorri-64eh\/\" class=\"more-link\"><span>Read More &rarr;<\/span><\/a><\/span><\/p>\n","protected":false},"author":1,"featured_media":0,"comment_status":"open","ping_status":"open","sticky":false,"template":"","format":"standard","meta":[],"categories":[1],"tags":[],"_links":{"self":[{"href":"http:\/\/clubdubalen.fr\/blog\/wp-json\/wp\/v2\/posts\/1108"}],"collection":[{"href":"http:\/\/clubdubalen.fr\/blog\/wp-json\/wp\/v2\/posts"}],"about":[{"href":"http:\/\/clubdubalen.fr\/blog\/wp-json\/wp\/v2\/types\/post"}],"author":[{"embeddable":true,"href":"http:\/\/clubdubalen.fr\/blog\/wp-json\/wp\/v2\/users\/1"}],"replies":[{"embeddable":true,"href":"http:\/\/clubdubalen.fr\/blog\/wp-json\/wp\/v2\/comments?post=1108"}],"version-history":[{"count":1,"href":"http:\/\/clubdubalen.fr\/blog\/wp-json\/wp\/v2\/posts\/1108\/revisions"}],"predecessor-version":[{"id":1109,"href":"http:\/\/clubdubalen.fr\/blog\/wp-json\/wp\/v2\/posts\/1108\/revisions\/1109"}],"wp:attachment":[{"href":"http:\/\/clubdubalen.fr\/blog\/wp-json\/wp\/v2\/media?parent=1108"}],"wp:term":[{"taxonomy":"category","embeddable":true,"href":"http:\/\/clubdubalen.fr\/blog\/wp-json\/wp\/v2\/categories?post=1108"},{"taxonomy":"post_tag","embeddable":true,"href":"http:\/\/clubdubalen.fr\/blog\/wp-json\/wp\/v2\/tags?post=1108"}],"curies":[{"name":"wp","href":"https:\/\/api.w.org\/{rel}","templated":true}]}}