{"id":1080,"date":"2019-05-06T14:54:11","date_gmt":"2019-05-06T12:54:11","guid":{"rendered":"http:\/\/clubdubalen.fr\/blog\/?p=1080"},"modified":"2019-05-06T14:54:18","modified_gmt":"2019-05-06T12:54:18","slug":"exposition-a-la-prison-des-eveques-saint-jean-pied-de-port-donibane-garazi-64eh","status":"publish","type":"post","link":"http:\/\/clubdubalen.fr\/blog\/exposition-a-la-prison-des-eveques-saint-jean-pied-de-port-donibane-garazi-64eh\/","title":{"rendered":"Exposition \u00e0 la Prison des \u00c9v\u00eaques (Saint Jean Pied de Port\/Donibane Garazi, 64,EH)"},"content":{"rendered":"<p>&#x27a1;&#xfe0f; A la Prison des \u00c9v\u00eaques et jusqu&rsquo;au 12 juin, venez d\u00e9couvrir l&rsquo;exposition historique \u00ab\u00a0Basse-Navarre : un territoire singulier\u00a0\u00bb<\/p>\n<p>Pour plus d&rsquo;infos : <a target=\"_blank\" rel=\"noopener noreferrer\" href=\"http:\/\/www.saintjeanpieddeport-paysbasque-tourisme.com\/prison-des-eveques\/408\">http:\/\/www.saintjeanpieddeport-paysbasque-tourisme.com\/prison-des-eveques\/408<\/a><\/p>\n<p><img decoding=\"async\" loading=\"lazy\" src=\"http:\/\/clubdubalen.fr\/blog\/wp-content\/uploads\/2019\/05\/FB_IMG_1557147046045.jpg\" class=\"wp-image-1078 alignnone size-full\" width=\"939\" height=\"1635\" srcset=\"http:\/\/clubdubalen.fr\/blog\/wp-content\/uploads\/2019\/05\/FB_IMG_1557147046045.jpg 939w, http:\/\/clubdubalen.fr\/blog\/wp-content\/uploads\/2019\/05\/FB_IMG_1557147046045-172x300.jpg 172w, http:\/\/clubdubalen.fr\/blog\/wp-content\/uploads\/2019\/05\/FB_IMG_1557147046045-768x1337.jpg 768w, http:\/\/clubdubalen.fr\/blog\/wp-content\/uploads\/2019\/05\/FB_IMG_1557147046045-588x1024.jpg 588w\" sizes=\"(max-width: 939px) 100vw, 939px\" \/><\/p>\n<p><img decoding=\"async\" loading=\"lazy\" src=\"http:\/\/clubdubalen.fr\/blog\/wp-content\/uploads\/2019\/05\/FB_IMG_1557147053031.jpg\" class=\"wp-image-1079 alignnone size-full\" width=\"1240\" height=\"1754\" data-temp-aztec-id=\"ef102354-5533-45ba-b70a-3c2be6a26e74\" srcset=\"http:\/\/clubdubalen.fr\/blog\/wp-content\/uploads\/2019\/05\/FB_IMG_1557147053031.jpg 1240w, http:\/\/clubdubalen.fr\/blog\/wp-content\/uploads\/2019\/05\/FB_IMG_1557147053031-212x300.jpg 212w, http:\/\/clubdubalen.fr\/blog\/wp-content\/uploads\/2019\/05\/FB_IMG_1557147053031-768x1086.jpg 768w, http:\/\/clubdubalen.fr\/blog\/wp-content\/uploads\/2019\/05\/FB_IMG_1557147053031-724x1024.jpg 724w\" sizes=\"(max-width: 1240px) 100vw, 1240px\" \/><\/p>\n","protected":false},"excerpt":{"rendered":"<p>&#x27a1;&#xfe0f; A la Prison des \u00c9v\u00eaques et jusqu&rsquo;au 12 juin, venez d\u00e9couvrir l&rsquo;exposition historique \u00ab\u00a0Basse-Navarre : un territoire singulier\u00a0\u00bb Pour plus d&rsquo;infos : http:\/\/www.saintjeanpieddeport-paysbasque-tourisme.com\/prison-des-eveques\/408<\/p>\n","protected":false},"author":1,"featured_media":0,"comment_status":"open","ping_status":"open","sticky":false,"template":"","format":"standard","meta":[],"categories":[1],"tags":[],"_links":{"self":[{"href":"http:\/\/clubdubalen.fr\/blog\/wp-json\/wp\/v2\/posts\/1080"}],"collection":[{"href":"http:\/\/clubdubalen.fr\/blog\/wp-json\/wp\/v2\/posts"}],"about":[{"href":"http:\/\/clubdubalen.fr\/blog\/wp-json\/wp\/v2\/types\/post"}],"author":[{"embeddable":true,"href":"http:\/\/clubdubalen.fr\/blog\/wp-json\/wp\/v2\/users\/1"}],"replies":[{"embeddable":true,"href":"http:\/\/clubdubalen.fr\/blog\/wp-json\/wp\/v2\/comments?post=1080"}],"version-history":[{"count":1,"href":"http:\/\/clubdubalen.fr\/blog\/wp-json\/wp\/v2\/posts\/1080\/revisions"}],"predecessor-version":[{"id":1081,"href":"http:\/\/clubdubalen.fr\/blog\/wp-json\/wp\/v2\/posts\/1080\/revisions\/1081"}],"wp:attachment":[{"href":"http:\/\/clubdubalen.fr\/blog\/wp-json\/wp\/v2\/media?parent=1080"}],"wp:term":[{"taxonomy":"category","embeddable":true,"href":"http:\/\/clubdubalen.fr\/blog\/wp-json\/wp\/v2\/categories?post=1080"},{"taxonomy":"post_tag","embeddable":true,"href":"http:\/\/clubdubalen.fr\/blog\/wp-json\/wp\/v2\/tags?post=1080"}],"curies":[{"name":"wp","href":"https:\/\/api.w.org\/{rel}","templated":true}]}}