{"id":1059,"date":"2019-04-01T22:24:25","date_gmt":"2019-04-01T20:24:25","guid":{"rendered":"http:\/\/clubdubalen.fr\/blog\/?p=1059"},"modified":"2019-04-01T22:42:01","modified_gmt":"2019-04-01T20:42:01","slug":"une-epave-viking-dans-les-landes-leon-40","status":"publish","type":"post","link":"http:\/\/clubdubalen.fr\/blog\/une-epave-viking-dans-les-landes-leon-40\/","title":{"rendered":"Une \u00e9pave viking dans les Landes (L\u00e9on, 40)"},"content":{"rendered":"\n<p>S\u00e9isme dans l&rsquo;oc\u00e9an des certitudes sur le peuplement ancien du d\u00e9partement des Landes, et plus largement, de la Nouvelle-Aquitaine. Alors que des travaux d&rsquo;une \u00e9quipe de la DRASSM (D\u00e9partement de recherches arch\u00e9ologiques subaquatiques et sous-marines) visaient \u00e0 reconnaitre et identifier des structures suppos\u00e9es de la fin de l&rsquo;Age du Bronze immerg\u00e9es dans le lac de L\u00e9on et rep\u00e9r\u00e9es l&rsquo;\u00e9t\u00e9 dernier \u00e0 l&rsquo;occasion d&rsquo;une baisse importante du niveau de l&rsquo;eau, c&rsquo;est un vestige d&rsquo;une toute autre p\u00e9riode qui vient d&rsquo;\u00eatre identifi\u00e9. Les responsables de l&rsquo;op\u00e9ration, Jean-Fran\u00e7ois Louvine et Guillaume Lepeuch, ont eu du mal \u00e0 croire ce que le sonar install\u00e9 sur leur petite embarcation leur montrait.<\/p>\n\n\n\n<figure class=\"wp-block-image\"><img decoding=\"async\" loading=\"lazy\" width=\"1024\" height=\"832\" src=\"http:\/\/clubdubalen.fr\/blog\/wp-content\/uploads\/2019\/04\/vik2-1024x832.jpg\" alt=\"\" class=\"wp-image-1060\" srcset=\"http:\/\/clubdubalen.fr\/blog\/wp-content\/uploads\/2019\/04\/vik2-1024x832.jpg 1024w, http:\/\/clubdubalen.fr\/blog\/wp-content\/uploads\/2019\/04\/vik2-300x244.jpg 300w, http:\/\/clubdubalen.fr\/blog\/wp-content\/uploads\/2019\/04\/vik2-768x624.jpg 768w\" sizes=\"(max-width: 1024px) 100vw, 1024px\" \/><figcaption>Partie ouest du Lac de L\u00e9on (Landes) et secteur concern\u00e9 par le passage du sonar.<\/figcaption><\/figure>\n\n\n\n<p>Il faut \u00eatre sp\u00e9cialiste pour voir quelque chose sur le relev\u00e9 ci-dessus. Pourtant, les deux arch\u00e9ologues sont formels : \u00ab\u00a0Les structures rep\u00e9r\u00e9es jusqu&rsquo;ici, \u00e0 l&rsquo;instar de ce que nous connaissons dans un secteur proche, comme dans le Lac de Sanguinet par exemple, sont peu \u00e9tendues, et lorsqu&rsquo;il s&rsquo;agit d&#8217;embarcations, ce sont davantage des pirogues de quelques m\u00e8tres de long, pas quelque chose comme \u00e7a.\u00a0\u00bb, nous explique Jean-Fran\u00e7ois Louvine. Il poursuit : \u00ab\u00a0Lorsque nous avons aper\u00e7u cette grande forme oblongue, nous avons compris que non seulement c&rsquo;\u00e9tait une embarcation, mais qu&rsquo;en outre, son origine devait remonter \u00e0 plusieurs si\u00e8cles, voire mill\u00e9naires. Le courant d&rsquo;Huchet qui sert d&rsquo;exutoire au lac, est faiblement connect\u00e9 aux mar\u00e9es depuis d\u00e9j\u00e0 longtemps, donc ce bateau aurait eu du mal \u00e0 arriver d&rsquo;ailleurs durant ces derniers si\u00e8cles. Nous n&rsquo;avons pas non plus de fabrication de bateaux attest\u00e9e dans ce secteur entre la fin du Moyen Age et la fin de l&rsquo;Ancien R\u00e9gime. Une embarcation de cette taille, si elle avait coul\u00e9 plus r\u00e9cemment, aurait \u00e9t\u00e9 \u00e9voqu\u00e9e. Nous avions forc\u00e9ment l\u00e0 quelque chose d&rsquo;important.\u00a0\u00bb. <\/p>\n\n\n\n<p>M\u00eame si l&rsquo;\u00e9pave git \u00e0 une relative faible profondeur (une dizaine de m\u00e8tres \u00e0 peine), il a \u00e9t\u00e9 difficile en plong\u00e9e de la voir avec facilit\u00e9. En effet, une forte eutrophisation du milieu aquatique g\u00e9n\u00e8re une dense suspension de phytoplancton g\u00eanant la visibilit\u00e9. N\u00e9anmoins, en fonction de la temp\u00e9rature de l&rsquo;eau, il arrive que le fond se d\u00e9voile parfois. \u00ab\u00a0Un coup de chance\u00a0\u00bb d&rsquo;apr\u00e8s Guillaume Lepeuch, le plongeur aguerri de l&rsquo;\u00e9quipe. \u00ab\u00a0D\u00e8s la premi\u00e8re plong\u00e9e sur site, j&rsquo;ai pu atteindre l&rsquo;\u00e9pave et la photographier, c&rsquo;\u00e9tait le 8 mars. Le lundi suivant, on ne pouvait plus rien voir.\u00a0\u00bb continue-t-il, visiblement \u00e9mu, lui qui poss\u00e8de des attaches familiales dans le d\u00e9partement. \u00ab\u00a0C&rsquo;est s\u00fbr, cette d\u00e9couverte va changer pas mal de choses dans notre fa\u00e7on de voir l&rsquo;Histoire r\u00e9gionale. A commencer pour moi. J&rsquo;ai pas mal rigol\u00e9 il y a quelques ann\u00e9es quand j&rsquo;ai lu dans des bouquins que je qualifiais alors de pseudohistoire, que les Vikings avaient colonis\u00e9 la Gascogne. Maintenant, je ris jaune, mais je ne chercherai pas \u00e0 noyer le poisson. Il faut repartir \u00e0 z\u00e9ro.\u00a0\u00bb.<br>Car c&rsquo;est le second c\u00f4t\u00e9 inattendu de cette d\u00e9couverte, non seulement, les eaux du lac de L\u00e9on ont servi de cachette \u00e0 une \u00e9pave de plus de vingt m\u00e8tres de long, mais en plus, il s&rsquo;agit bel et bien d&rsquo;un knarr, \u00e0 savoir un navire viking. Il serait datable, d&rsquo;apr\u00e8s les premi\u00e8res observations, de la fin du 9e si\u00e8cle.<\/p>\n\n\n\n<figure class=\"wp-block-image\"><img decoding=\"async\" loading=\"lazy\" width=\"640\" height=\"362\" src=\"http:\/\/clubdubalen.fr\/blog\/wp-content\/uploads\/2019\/04\/\u00e9pave.jpg\" alt=\"\" class=\"wp-image-1061\" srcset=\"http:\/\/clubdubalen.fr\/blog\/wp-content\/uploads\/2019\/04\/\u00e9pave.jpg 640w, http:\/\/clubdubalen.fr\/blog\/wp-content\/uploads\/2019\/04\/\u00e9pave-300x170.jpg 300w\" sizes=\"(max-width: 640px) 100vw, 640px\" \/><figcaption>Vue de l&rsquo;\u00e9pave, lors de la plong\u00e9e du 8 mars (DR)<\/figcaption><\/figure>\n\n\n\n<p>Que venait-il faire ici? Les chercheurs restent prudents. \u00ab\u00a0Il est trop t\u00f4t pour tirer des conclusions, mais le champ des possibles est \u00e9tendu. Faisait-il partie d&rsquo;une flotte d&rsquo;invasion ? Etait-il l\u00e0 pour commercer ? On peut tout imaginer, et m\u00eame pourquoi pas, p\u00eacher de gros poissons sur la c\u00f4te landaise !\u00a0\u00bb, termine en exclusivit\u00e9 pour le Club Dubalen, Jean-Fran\u00e7ois Louvine.<\/p>\n\n\n\n<p><a href=\"https:\/\/youtu.be\/XqZsoesa55w?t=9\" target=\"_blank\" rel=\"noreferrer noopener\" aria-label=\"Plus de renseignements sur cette d\u00e9couverte ici. (s\u2019ouvre dans un nouvel onglet)\">Plus de renseignements sur cette d\u00e9couverte ici.<\/a><br><\/p>\n","protected":false},"excerpt":{"rendered":"<p>S\u00e9isme dans l&rsquo;oc\u00e9an des certitudes sur le peuplement ancien du d\u00e9partement des Landes, et plus largement, de la Nouvelle-Aquitaine. Alors que des travaux d&rsquo;une \u00e9quipe de la DRASSM (D\u00e9partement de recherches arch\u00e9ologiques subaquatiques et sous-marines) visaient \u00e0 reconnaitre et identifier des structures suppos\u00e9es de la fin de l&rsquo;Age du Bronze immerg\u00e9es dans le lac de <span class=\"ellipsis\">&hellip;<\/span> <span class=\"more-link-wrap\"><a href=\"http:\/\/clubdubalen.fr\/blog\/une-epave-viking-dans-les-landes-leon-40\/\" class=\"more-link\"><span>Read More &rarr;<\/span><\/a><\/span><\/p>\n","protected":false},"author":1,"featured_media":0,"comment_status":"open","ping_status":"open","sticky":false,"template":"","format":"standard","meta":[],"categories":[2,67,1,9],"tags":[],"_links":{"self":[{"href":"http:\/\/clubdubalen.fr\/blog\/wp-json\/wp\/v2\/posts\/1059"}],"collection":[{"href":"http:\/\/clubdubalen.fr\/blog\/wp-json\/wp\/v2\/posts"}],"about":[{"href":"http:\/\/clubdubalen.fr\/blog\/wp-json\/wp\/v2\/types\/post"}],"author":[{"embeddable":true,"href":"http:\/\/clubdubalen.fr\/blog\/wp-json\/wp\/v2\/users\/1"}],"replies":[{"embeddable":true,"href":"http:\/\/clubdubalen.fr\/blog\/wp-json\/wp\/v2\/comments?post=1059"}],"version-history":[{"count":3,"href":"http:\/\/clubdubalen.fr\/blog\/wp-json\/wp\/v2\/posts\/1059\/revisions"}],"predecessor-version":[{"id":1064,"href":"http:\/\/clubdubalen.fr\/blog\/wp-json\/wp\/v2\/posts\/1059\/revisions\/1064"}],"wp:attachment":[{"href":"http:\/\/clubdubalen.fr\/blog\/wp-json\/wp\/v2\/media?parent=1059"}],"wp:term":[{"taxonomy":"category","embeddable":true,"href":"http:\/\/clubdubalen.fr\/blog\/wp-json\/wp\/v2\/categories?post=1059"},{"taxonomy":"post_tag","embeddable":true,"href":"http:\/\/clubdubalen.fr\/blog\/wp-json\/wp\/v2\/tags?post=1059"}],"curies":[{"name":"wp","href":"https:\/\/api.w.org\/{rel}","templated":true}]}}