{"id":1004,"date":"2018-05-15T22:58:00","date_gmt":"2018-05-15T20:58:00","guid":{"rendered":"http:\/\/clubdubalen.fr\/blog\/?p=1004"},"modified":"2018-05-16T23:06:41","modified_gmt":"2018-05-16T21:06:41","slug":"la-maison-basque-en-conference-a-larressore-eh","status":"publish","type":"post","link":"http:\/\/clubdubalen.fr\/blog\/la-maison-basque-en-conference-a-larressore-eh\/","title":{"rendered":"La maison basque en conf\u00e9rence \u00e0 Larressore (EH)"},"content":{"rendered":"<p>\u00c9l\u00e9ment essentiel du patrimoine basque, mais aussi des soci\u00e9t\u00e9s pyr\u00e9n\u00e9ennes (dans lesquelles on ne poss\u00e9dait pas la maison, mais o\u00f9 la maison nous poss\u00e9dait, donnait le nom \u00e0 la famille et allait de pair avec un droit d&rsquo;ainesse absolu), la maison sera \u00e9voqu\u00e9e dans une conf\u00e9rence propos\u00e9e vendredi 18 mai \u00e0 Larressore. Le quotidien Sud Ouest l&rsquo;\u00e9voque dans ses colonnes ce jour (source : <a href=\"https:\/\/www.sudouest.fr\/2018\/05\/15\/etxea-la-maison-basque-5057321-4221.php\">https:\/\/www.sudouest.fr\/2018\/05\/15\/etxea-la-maison-basque-5057321-4221.php<\/a>) :<\/p>\n<blockquote>\n<h1 class=\"page-title\">Etxea, la maison basque<\/h1>\n<div class=\"details\">\n<div class=\"publishing\">Publi\u00e9 le <time datetime=\"2018-05-15T03:50:10+02:00\">15\/05\/2018 \u00e0 3h50<\/time> par <strong>Joseph Maya<\/strong>.<\/div>\n<\/div>\n<aside class=\"article-social\"><\/aside>\n<div class=\"article-header\">\n<figure class=\" \"><img decoding=\"async\" src=\"https:\/\/images.sudouest.fr\/2018\/05\/15\/5afa3b0566a4bdf50d3ab28b\/widescreen\/1000x500\/la-diversite-des-facades-anciennes-du-centre-du-village.jpg\" alt=\"Etxea, la maison basque\" \/><figcaption class=\"caption\">La diversit\u00e9 des fa\u00e7ades anciennes du centre du village.<\/p>\n<div class=\"credits\">Photo J. M.<\/div>\n<\/figcaption><\/figure>\n<\/div>\n<\/blockquote>\n<div class=\"full-content\">\n<div class=\"article-body-wrapper\">\n<blockquote><p>L\u2019association Aldaya propose ce vendredi 18 mai, \u00e0 20 h 30, \u00e0 Pelerenia, une conf\u00e9rence sur la maison basque, l\u2019Etxea.<\/p>\n<p>Le Pays basque s\u2019appr\u00eate \u00e0 recevoir de nombreux nouveaux arrivants dans les prochaines ann\u00e9es, et cette \u00e9volution d\u00e9mographique entra\u00eene n\u00e9cessairement des<!--more--> r\u00e9flexions sur le logement et l\u2019habitat. Les d\u00e9bats sur la question de l\u2019architecture des nouvelles constructions soul\u00e8vent de vives r\u00e9actions qui se fondent, il faut bien l\u2019avouer, sur des interpr\u00e9tations ambigu\u00ebs de la tradition.<\/p>\n<p>Moderne ou ancien\u202f?<\/p>\n<p>Claude Labat, enseignant \u00e0 la retraite, membre fondateur de l\u2019association Lauburu, historien et auteur de nombreux ouvrages s\u2019implique aujourd\u2019hui dans la sauvegarde du patrimoine architectural historique et ethnographique du Pays basque. Il nous invite \u00e0 un moment de r\u00e9flexion dans le d\u00e9bat actuel au sujet de l\u2019architecture contemporaine. Il nous propose en particulier de faire la part des choses entre le mythe de la maison basque, son accession au rang d\u2019ic\u00f4ne et le dogme qu\u2019elle est devenue pour tous ceux qui l\u2019opposent aux prescriptions des nouvelles normes de cr\u00e9ation. Il ne s\u2019agit pas de valider tout ce qui se fait aujourd\u2019hui en termes d\u2019architecture, mais de montrer qu\u2019on ne peut pas faire dire n\u2019importe quoi avec la tradition. L\u2019enjeu est de taille car il est \u00e0 la mesure de ce qu\u2019est devenue notre soci\u00e9t\u00e9\u00a0: boulimique en espace et avide de clich\u00e9s pour satisfaire une identit\u00e9 factice.<\/p>\n<p>Faire basque suffit-il \u00e0 respecter un territoire et une culture\u202f? Faut-il pr\u00e9server un d\u00e9cor ou favoriser un cadre de vie\u202f? Autant de questions \u00e0 se poser pour \u00e9voluer dans notre fa\u00e7on de voir ce pays, afin que ses habitants (anciens et nouveaux) sauvent l\u2019essentiel.<\/p>\n<p>Entr\u00e9e libre.<\/p><\/blockquote>\n<\/div>\n<\/div>\n","protected":false},"excerpt":{"rendered":"<p>\u00c9l\u00e9ment essentiel du patrimoine basque, mais aussi des soci\u00e9t\u00e9s pyr\u00e9n\u00e9ennes (dans lesquelles on ne poss\u00e9dait pas la maison, mais o\u00f9 la maison nous poss\u00e9dait, donnait le nom \u00e0 la famille et allait de pair avec un droit d&rsquo;ainesse absolu), la maison sera \u00e9voqu\u00e9e dans une conf\u00e9rence propos\u00e9e vendredi 18 mai \u00e0 Larressore. Le quotidien Sud <span class=\"ellipsis\">&hellip;<\/span> <span class=\"more-link-wrap\"><a href=\"http:\/\/clubdubalen.fr\/blog\/la-maison-basque-en-conference-a-larressore-eh\/\" class=\"more-link\"><span>Read More &rarr;<\/span><\/a><\/span><\/p>\n","protected":false},"author":1,"featured_media":0,"comment_status":"open","ping_status":"open","sticky":false,"template":"","format":"standard","meta":[],"categories":[2,67],"tags":[],"_links":{"self":[{"href":"http:\/\/clubdubalen.fr\/blog\/wp-json\/wp\/v2\/posts\/1004"}],"collection":[{"href":"http:\/\/clubdubalen.fr\/blog\/wp-json\/wp\/v2\/posts"}],"about":[{"href":"http:\/\/clubdubalen.fr\/blog\/wp-json\/wp\/v2\/types\/post"}],"author":[{"embeddable":true,"href":"http:\/\/clubdubalen.fr\/blog\/wp-json\/wp\/v2\/users\/1"}],"replies":[{"embeddable":true,"href":"http:\/\/clubdubalen.fr\/blog\/wp-json\/wp\/v2\/comments?post=1004"}],"version-history":[{"count":2,"href":"http:\/\/clubdubalen.fr\/blog\/wp-json\/wp\/v2\/posts\/1004\/revisions"}],"predecessor-version":[{"id":1006,"href":"http:\/\/clubdubalen.fr\/blog\/wp-json\/wp\/v2\/posts\/1004\/revisions\/1006"}],"wp:attachment":[{"href":"http:\/\/clubdubalen.fr\/blog\/wp-json\/wp\/v2\/media?parent=1004"}],"wp:term":[{"taxonomy":"category","embeddable":true,"href":"http:\/\/clubdubalen.fr\/blog\/wp-json\/wp\/v2\/categories?post=1004"},{"taxonomy":"post_tag","embeddable":true,"href":"http:\/\/clubdubalen.fr\/blog\/wp-json\/wp\/v2\/tags?post=1004"}],"curies":[{"name":"wp","href":"https:\/\/api.w.org\/{rel}","templated":true}]}}